{"id":17278,"date":"2024-12-01T18:03:12","date_gmt":"2024-12-01T17:03:12","guid":{"rendered":"https:\/\/victoria-rad.de\/?p=17278"},"modified":"2024-12-01T18:03:12","modified_gmt":"2024-12-01T17:03:12","slug":"getrimmter-boxer-1-rennmotorrad-von-victoria-anfang-1925","status":"publish","type":"post","link":"https:\/\/victoria-rad.de\/?p=17278","title":{"rendered":"Getrimmter Boxer &#8211; 1. Rennmotorrad von Victoria &#8211; Anfang 1925&#8230;"},"content":{"rendered":"<h2 style=\"text-align: center;\"><em><strong>Victoria &#8211; Die Entwicklung der &#8222;Motorrad Renngeschichte&#8220; j\u00e4hrt sich zum 100erten Mal im Jahr 1924 \/ 1925&#8230;<\/strong><\/em><\/h2>\n<h4><em><strong>Victoria hat schon fr\u00fchzeitig, bereits im Jahr 1921 mit ihren Werksfahrern Adolf Brudes, Georg M\u00f6hringer &#8211; um nur 2 zu nennen, mit modifizierten Victoria-Motorr\u00e4dern der ersten Generation an fl\u00e4chendeckenden Rennen teilgenommen. Schon damals hat die Firma unter hoher Eigeninitiative an Sportveranstaltungen teilgenommen und ist dem Reichsverband der Motorrad-Firmen beigetreten.<\/strong><\/em><\/h4>\n<h4><em><strong>Bereits im Jahr 1923 sprach Max Ottenstein, der Hauptbegr\u00fcnder der Firma Victoria vor Mitgliedern der Vereinigung N\u00fcrnberger-F\u00fcrther Motorradfahrer vom Bau von &#8222;Hochleistungs-Motorr\u00e4dern&#8220;, die der ausl\u00e4ndischen Konkurrenz ebenb\u00fcrtig sein werden. Dies k\u00f6nnten nur kapitalstarke Firmen erreichen und eine Beschaffung von besten Materialien bis hin zur bestfeinsten Verarbeitung durchzuf\u00fchren. Die Entscheidung f\u00fcr den Einstieg in Hochleistungs-Motoren war die Abw\u00e4gung vom Kosten\/Nutzen &#8211; Verh\u00e4ltnis, aber sie wurde getroffen&#8230;<\/strong><\/em><\/h4>\n<h4><em>Ende der 1924 Jahre und Anfang der 1925er Jahre begann die Firma Victoria als erste deutsche Motorrad-Firma mit der Leistungssteigerung ihrer Serienmotoren ! An einer Serienmaschine Victoria K.R.III. der ersten Serie ohne Hauptst\u00e4nder haben die Techniker am K.R.III-Motor einen modernen Doppelvergaser angebaut:<\/em><\/h4>\n<p style=\"text-align: center;\"><a href=\"http:\/\/victoria-rad.de\/wp-content\/uploads\/2024\/11\/2.-Adolf-Brudes-auf-KR-3-Serienmaschinemit-Zweifachvrgaser.jpg\"><img loading=\"lazy\" decoding=\"async\" class=\"aligncenter wp-image-17281 size-medium\" src=\"http:\/\/victoria-rad.de\/wp-content\/uploads\/2024\/11\/2.-Adolf-Brudes-auf-KR-3-Serienmaschinemit-Zweifachvrgaser-300x300.jpg\" alt=\"\" width=\"300\" height=\"300\" srcset=\"https:\/\/victoria-rad.de\/wp-content\/uploads\/2024\/11\/2.-Adolf-Brudes-auf-KR-3-Serienmaschinemit-Zweifachvrgaser-300x300.jpg 300w, https:\/\/victoria-rad.de\/wp-content\/uploads\/2024\/11\/2.-Adolf-Brudes-auf-KR-3-Serienmaschinemit-Zweifachvrgaser-1024x1024.jpg 1024w, https:\/\/victoria-rad.de\/wp-content\/uploads\/2024\/11\/2.-Adolf-Brudes-auf-KR-3-Serienmaschinemit-Zweifachvrgaser-150x150.jpg 150w, https:\/\/victoria-rad.de\/wp-content\/uploads\/2024\/11\/2.-Adolf-Brudes-auf-KR-3-Serienmaschinemit-Zweifachvrgaser-768x768.jpg 768w, https:\/\/victoria-rad.de\/wp-content\/uploads\/2024\/11\/2.-Adolf-Brudes-auf-KR-3-Serienmaschinemit-Zweifachvrgaser-1536x1536.jpg 1536w, https:\/\/victoria-rad.de\/wp-content\/uploads\/2024\/11\/2.-Adolf-Brudes-auf-KR-3-Serienmaschinemit-Zweifachvrgaser.jpg 1938w\" sizes=\"auto, (max-width: 300px) 100vw, 300px\" \/><\/a>Hier, Werksfahrer Adolf Brudes auf der Victoria &#8211; Serienmaschine K.R.III.\u00a0 deutlich zu erkennen &#8211; der Doppelvergaser&#8230;<\/p>\n<p><strong>Ein solcher K.R.III.-Rennmotor mit Doppelvergaser:<\/strong><\/p>\n<p><a href=\"http:\/\/victoria-rad.de\/wp-content\/uploads\/2024\/11\/10.-KR-3-Sportmotor-mit-Zweifachvergaser.png\"><img loading=\"lazy\" decoding=\"async\" class=\"aligncenter wp-image-17288 size-medium\" src=\"http:\/\/victoria-rad.de\/wp-content\/uploads\/2024\/11\/10.-KR-3-Sportmotor-mit-Zweifachvergaser-300x201.png\" alt=\"\" width=\"300\" height=\"201\" srcset=\"https:\/\/victoria-rad.de\/wp-content\/uploads\/2024\/11\/10.-KR-3-Sportmotor-mit-Zweifachvergaser-300x201.png 300w, https:\/\/victoria-rad.de\/wp-content\/uploads\/2024\/11\/10.-KR-3-Sportmotor-mit-Zweifachvergaser-1024x685.png 1024w, https:\/\/victoria-rad.de\/wp-content\/uploads\/2024\/11\/10.-KR-3-Sportmotor-mit-Zweifachvergaser-150x100.png 150w, https:\/\/victoria-rad.de\/wp-content\/uploads\/2024\/11\/10.-KR-3-Sportmotor-mit-Zweifachvergaser-768x514.png 768w, https:\/\/victoria-rad.de\/wp-content\/uploads\/2024\/11\/10.-KR-3-Sportmotor-mit-Zweifachvergaser-1536x1027.png 1536w, https:\/\/victoria-rad.de\/wp-content\/uploads\/2024\/11\/10.-KR-3-Sportmotor-mit-Zweifachvergaser-2048x1370.png 2048w\" sizes=\"auto, (max-width: 300px) 100vw, 300px\" \/><\/a><strong>Der kopfgesteuerte Rennmotor ist von der K\u00fchlrippen-Anordnung v\u00f6llig anders konzipiert als ein Serien-Zylinder-Kopfteil:<\/strong><\/p>\n<p style=\"text-align: center;\"><a href=\"http:\/\/victoria-rad.de\/wp-content\/uploads\/2024\/11\/IMG-20200217-WA0003.jpg\"><img loading=\"lazy\" decoding=\"async\" class=\"aligncenter wp-image-17289 size-medium\" src=\"http:\/\/victoria-rad.de\/wp-content\/uploads\/2024\/11\/IMG-20200217-WA0003-300x225.jpg\" alt=\"\" width=\"300\" height=\"225\" srcset=\"https:\/\/victoria-rad.de\/wp-content\/uploads\/2024\/11\/IMG-20200217-WA0003-300x225.jpg 300w, https:\/\/victoria-rad.de\/wp-content\/uploads\/2024\/11\/IMG-20200217-WA0003-1024x768.jpg 1024w, https:\/\/victoria-rad.de\/wp-content\/uploads\/2024\/11\/IMG-20200217-WA0003-150x113.jpg 150w, https:\/\/victoria-rad.de\/wp-content\/uploads\/2024\/11\/IMG-20200217-WA0003-768x576.jpg 768w, https:\/\/victoria-rad.de\/wp-content\/uploads\/2024\/11\/IMG-20200217-WA0003-1536x1152.jpg 1536w, https:\/\/victoria-rad.de\/wp-content\/uploads\/2024\/11\/IMG-20200217-WA0003.jpg 1600w\" sizes=\"auto, (max-width: 300px) 100vw, 300px\" \/><\/a>Selbst die St\u00f6\u00dfelstangenf\u00fchrung bzw. Einf\u00fchrung ist ver\u00e4ndert worden&#8230;<\/p>\n<p><strong>Der Doppelvergaser ist wohl das seltenste Teil, &#8211; mir pers\u00f6nlich sind gerade mal zwei St\u00fcck bekannt:<\/strong><\/p>\n<p style=\"text-align: center;\"><a href=\"http:\/\/victoria-rad.de\/wp-content\/uploads\/2024\/11\/20200809_113213.jpg\"><img loading=\"lazy\" decoding=\"async\" class=\"aligncenter wp-image-17291 size-medium\" src=\"http:\/\/victoria-rad.de\/wp-content\/uploads\/2024\/11\/20200809_113213-300x297.jpg\" alt=\"\" width=\"300\" height=\"297\" srcset=\"https:\/\/victoria-rad.de\/wp-content\/uploads\/2024\/11\/20200809_113213-300x297.jpg 300w, https:\/\/victoria-rad.de\/wp-content\/uploads\/2024\/11\/20200809_113213-150x150.jpg 150w, https:\/\/victoria-rad.de\/wp-content\/uploads\/2024\/11\/20200809_113213-768x760.jpg 768w, https:\/\/victoria-rad.de\/wp-content\/uploads\/2024\/11\/20200809_113213.jpg 1000w\" sizes=\"auto, (max-width: 300px) 100vw, 300px\" \/><\/a>Sehr interessant &#8211; das Innenlebeben der Gasschieber&#8230;<\/p>\n<p><a href=\"http:\/\/victoria-rad.de\/wp-content\/uploads\/2024\/11\/20200809_112523-rotated.jpg\"><img loading=\"lazy\" decoding=\"async\" class=\"aligncenter wp-image-17292 size-medium\" src=\"http:\/\/victoria-rad.de\/wp-content\/uploads\/2024\/11\/20200809_112523-300x193.jpg\" alt=\"\" width=\"300\" height=\"193\" srcset=\"https:\/\/victoria-rad.de\/wp-content\/uploads\/2024\/11\/20200809_112523-300x193.jpg 300w, https:\/\/victoria-rad.de\/wp-content\/uploads\/2024\/11\/20200809_112523-150x96.jpg 150w, https:\/\/victoria-rad.de\/wp-content\/uploads\/2024\/11\/20200809_112523-768x494.jpg 768w, https:\/\/victoria-rad.de\/wp-content\/uploads\/2024\/11\/20200809_112523-rotated.jpg 1000w\" sizes=\"auto, (max-width: 300px) 100vw, 300px\" \/><\/a><\/p>\n<p><strong>Das originale Bild zeigt das K.R.III.-Rennmotorrad beim Rennen am Gabelbach in Th\u00fcringen im Jahr 1925:<\/strong><\/p>\n<p style=\"text-align: center;\"><a href=\"http:\/\/victoria-rad.de\/wp-content\/uploads\/2024\/11\/IMG_20160119_0001-scaled.jpg\"><img loading=\"lazy\" decoding=\"async\" class=\"aligncenter wp-image-17294 size-medium\" src=\"http:\/\/victoria-rad.de\/wp-content\/uploads\/2024\/11\/IMG_20160119_0001-300x206.jpg\" alt=\"\" width=\"300\" height=\"206\" srcset=\"https:\/\/victoria-rad.de\/wp-content\/uploads\/2024\/11\/IMG_20160119_0001-300x206.jpg 300w, https:\/\/victoria-rad.de\/wp-content\/uploads\/2024\/11\/IMG_20160119_0001-1024x703.jpg 1024w, https:\/\/victoria-rad.de\/wp-content\/uploads\/2024\/11\/IMG_20160119_0001-150x103.jpg 150w, https:\/\/victoria-rad.de\/wp-content\/uploads\/2024\/11\/IMG_20160119_0001-768x527.jpg 768w, https:\/\/victoria-rad.de\/wp-content\/uploads\/2024\/11\/IMG_20160119_0001-1536x1054.jpg 1536w, https:\/\/victoria-rad.de\/wp-content\/uploads\/2024\/11\/IMG_20160119_0001-2048x1405.jpg 2048w\" sizes=\"auto, (max-width: 300px) 100vw, 300px\" \/><\/a>Das Renn-Motorrad ist vom Fahrgestell wie die sp\u00e4tere Victoria-Kompressor-Maschine ausgebildet. Motor-Einpassung, Getriebe, Vorderbremse und Kotfl\u00fcgel hat man angepasst&#8230;<\/p>\n<p><strong>Leider kam das Renn-Motorrad beim bereits besagten Rennen zum Sturz, wie auf dem folgenden Foto zu sehen ist:<\/strong><\/p>\n<p style=\"text-align: center;\"><a href=\"http:\/\/victoria-rad.de\/wp-content\/uploads\/2024\/11\/KR-3-Sport-verunfallt.-Kopie.png\"><img loading=\"lazy\" decoding=\"async\" class=\"aligncenter wp-image-17296 size-medium\" src=\"http:\/\/victoria-rad.de\/wp-content\/uploads\/2024\/11\/KR-3-Sport-verunfallt.-Kopie-300x169.png\" alt=\"\" width=\"300\" height=\"169\" srcset=\"https:\/\/victoria-rad.de\/wp-content\/uploads\/2024\/11\/KR-3-Sport-verunfallt.-Kopie-300x169.png 300w, https:\/\/victoria-rad.de\/wp-content\/uploads\/2024\/11\/KR-3-Sport-verunfallt.-Kopie-1024x576.png 1024w, https:\/\/victoria-rad.de\/wp-content\/uploads\/2024\/11\/KR-3-Sport-verunfallt.-Kopie-150x84.png 150w, https:\/\/victoria-rad.de\/wp-content\/uploads\/2024\/11\/KR-3-Sport-verunfallt.-Kopie-768x432.png 768w, https:\/\/victoria-rad.de\/wp-content\/uploads\/2024\/11\/KR-3-Sport-verunfallt.-Kopie-1536x864.png 1536w, https:\/\/victoria-rad.de\/wp-content\/uploads\/2024\/11\/KR-3-Sport-verunfallt.-Kopie-2048x1152.png 2048w\" sizes=\"auto, (max-width: 300px) 100vw, 300px\" \/><\/a>Im Vergleich der Nummernschilder ist es eindeutig dieselbe Maschine&#8230;<\/p>\n<p><strong>Folgendes verbindet mich mit dieser Victoria-Rennmaschine:<\/strong><\/p>\n<p>Wie der Zufall manchmal so spielt, wurde ich von einem Oldie-Freund aus der Leipziger Gegend angerufen.\u00a0 Du, ich habe da einen interessanten Victoria-Motor erstanden und zwar aus Th\u00fcringen. Der \u00e4ltere Herr hatte vor, den Motor wieder in das Fahrgestell einzubauen, falls es wieder auftaucht&#8230; Leider vergingen Jahrzehnte &#8211; das Fahrgestell war nicht mehr auffindbar ! Lange Rede kurzer Sinn, ich fuhr nach Schkeuditz und traute meinen Augen nicht, es war der verschollene Motor der besagten Victoria K.R.III.-Sport vom Rennen am Gabelbach:<\/p>\n<p><a href=\"http:\/\/victoria-rad.de\/wp-content\/uploads\/2024\/11\/IMG-20200217-WA0006.jpg\"><img loading=\"lazy\" decoding=\"async\" class=\"aligncenter wp-image-17297 size-medium\" src=\"http:\/\/victoria-rad.de\/wp-content\/uploads\/2024\/11\/IMG-20200217-WA0006-300x225.jpg\" alt=\"\" width=\"300\" height=\"225\" srcset=\"https:\/\/victoria-rad.de\/wp-content\/uploads\/2024\/11\/IMG-20200217-WA0006-300x225.jpg 300w, https:\/\/victoria-rad.de\/wp-content\/uploads\/2024\/11\/IMG-20200217-WA0006-1024x768.jpg 1024w, https:\/\/victoria-rad.de\/wp-content\/uploads\/2024\/11\/IMG-20200217-WA0006-150x113.jpg 150w, https:\/\/victoria-rad.de\/wp-content\/uploads\/2024\/11\/IMG-20200217-WA0006-768x576.jpg 768w, https:\/\/victoria-rad.de\/wp-content\/uploads\/2024\/11\/IMG-20200217-WA0006-1536x1152.jpg 1536w, https:\/\/victoria-rad.de\/wp-content\/uploads\/2024\/11\/IMG-20200217-WA0006.jpg 1600w\" sizes=\"auto, (max-width: 300px) 100vw, 300px\" \/><\/a><strong>So fand ich den originalen Rennmotor vor, die Gasschieber waren abgeschraubt\u00a0 und das Fahrgestell h\u00f6chstwahrscheinlich verschrottet worden. Der Motor war in einem guten Zustand, bis auf die Schwungscheibe, die war verbogen, was nat\u00fcrlich mit dem Sturz zu tun hatte. Video folgt:<\/strong><\/p>\n<div style=\"width: 660px;\" class=\"wp-video\"><video class=\"wp-video-shortcode\" id=\"video-17278-1\" width=\"660\" height=\"371\" preload=\"metadata\" controls=\"controls\"><source type=\"video\/mp4\" src=\"http:\/\/victoria-rad.de\/wp-content\/uploads\/2024\/11\/20211110_132228.mp4?_=1\" \/><a href=\"http:\/\/victoria-rad.de\/wp-content\/uploads\/2024\/11\/20211110_132228.mp4\">http:\/\/victoria-rad.de\/wp-content\/uploads\/2024\/11\/20211110_132228.mp4<\/a><\/video><\/div>\n<p><strong>Dann ging es an die Detailarbeit &#8211; der Motor wurde zerlegt:<\/strong><\/p>\n<p style=\"text-align: center;\"><a href=\"http:\/\/victoria-rad.de\/wp-content\/uploads\/2024\/11\/20230719_095339-scaled.jpg\"><img loading=\"lazy\" decoding=\"async\" class=\"aligncenter wp-image-17301 size-medium\" src=\"http:\/\/victoria-rad.de\/wp-content\/uploads\/2024\/11\/20230719_095339-300x225.jpg\" alt=\"\" width=\"300\" height=\"225\" srcset=\"https:\/\/victoria-rad.de\/wp-content\/uploads\/2024\/11\/20230719_095339-300x225.jpg 300w, https:\/\/victoria-rad.de\/wp-content\/uploads\/2024\/11\/20230719_095339-1024x768.jpg 1024w, https:\/\/victoria-rad.de\/wp-content\/uploads\/2024\/11\/20230719_095339-150x113.jpg 150w, https:\/\/victoria-rad.de\/wp-content\/uploads\/2024\/11\/20230719_095339-768x576.jpg 768w, https:\/\/victoria-rad.de\/wp-content\/uploads\/2024\/11\/20230719_095339-1536x1152.jpg 1536w, https:\/\/victoria-rad.de\/wp-content\/uploads\/2024\/11\/20230719_095339-2048x1536.jpg 2048w\" sizes=\"auto, (max-width: 300px) 100vw, 300px\" \/><\/a>Ja, da liegt er in seinen Einzelteilen&#8230; Es erfolgte die \u00dcberarbeitung der Kurbelwelle, Zylinder, Kolben (Kolbenringe) &#8211; die Aufnahme der Schwungscheibe musste bearbeitet bzw. gerichtet werden und so weiter&#8230;<\/p>\n<p style=\"text-align: center;\"><a href=\"http:\/\/victoria-rad.de\/wp-content\/uploads\/2024\/11\/20230719_100330-scaled.jpg\"><img loading=\"lazy\" decoding=\"async\" class=\"aligncenter wp-image-17302 size-medium\" src=\"http:\/\/victoria-rad.de\/wp-content\/uploads\/2024\/11\/20230719_100330-300x182.jpg\" alt=\"\" width=\"300\" height=\"182\" srcset=\"https:\/\/victoria-rad.de\/wp-content\/uploads\/2024\/11\/20230719_100330-300x182.jpg 300w, https:\/\/victoria-rad.de\/wp-content\/uploads\/2024\/11\/20230719_100330-1024x622.jpg 1024w, https:\/\/victoria-rad.de\/wp-content\/uploads\/2024\/11\/20230719_100330-150x91.jpg 150w, https:\/\/victoria-rad.de\/wp-content\/uploads\/2024\/11\/20230719_100330-768x466.jpg 768w, https:\/\/victoria-rad.de\/wp-content\/uploads\/2024\/11\/20230719_100330-1536x933.jpg 1536w, https:\/\/victoria-rad.de\/wp-content\/uploads\/2024\/11\/20230719_100330-2048x1244.jpg 2048w\" sizes=\"auto, (max-width: 300px) 100vw, 300px\" \/><\/a>Nochmal ein Blick auf die besonders ausgef\u00fchrten Zylinderk\u00f6pfe&#8230;<\/p>\n<p><strong>Das besondere Augenmerk liegt zweifellos auf der Fahrgestellnummer,\u00a0 &#8222;152&#8220;\u00a0 als Hinweis einer Kleinseriennummer der Renngeneration:<\/strong><\/p>\n<p><a href=\"http:\/\/victoria-rad.de\/wp-content\/uploads\/2024\/11\/20230719_100005-scaled.jpg\"><img loading=\"lazy\" decoding=\"async\" class=\"aligncenter wp-image-17303 size-medium\" src=\"http:\/\/victoria-rad.de\/wp-content\/uploads\/2024\/11\/20230719_100005-300x138.jpg\" alt=\"\" width=\"300\" height=\"138\" srcset=\"https:\/\/victoria-rad.de\/wp-content\/uploads\/2024\/11\/20230719_100005-300x138.jpg 300w, https:\/\/victoria-rad.de\/wp-content\/uploads\/2024\/11\/20230719_100005-1024x470.jpg 1024w, https:\/\/victoria-rad.de\/wp-content\/uploads\/2024\/11\/20230719_100005-150x69.jpg 150w, https:\/\/victoria-rad.de\/wp-content\/uploads\/2024\/11\/20230719_100005-768x352.jpg 768w, https:\/\/victoria-rad.de\/wp-content\/uploads\/2024\/11\/20230719_100005-1536x704.jpg 1536w, https:\/\/victoria-rad.de\/wp-content\/uploads\/2024\/11\/20230719_100005-2048x939.jpg 2048w\" sizes=\"auto, (max-width: 300px) 100vw, 300px\" \/><\/a><\/p>\n<p><strong>Einige Bilder des fertig gestellten Victoria Rennmotorrad K.R.III. Sport:<\/strong><\/p>\n<p><a href=\"http:\/\/victoria-rad.de\/wp-content\/uploads\/2024\/11\/20240521_100039-scaled.jpg\"><img loading=\"lazy\" decoding=\"async\" class=\"aligncenter wp-image-17304 size-medium\" src=\"http:\/\/victoria-rad.de\/wp-content\/uploads\/2024\/11\/20240521_100039-300x199.jpg\" alt=\"\" width=\"300\" height=\"199\" srcset=\"https:\/\/victoria-rad.de\/wp-content\/uploads\/2024\/11\/20240521_100039-300x199.jpg 300w, https:\/\/victoria-rad.de\/wp-content\/uploads\/2024\/11\/20240521_100039-1024x681.jpg 1024w, https:\/\/victoria-rad.de\/wp-content\/uploads\/2024\/11\/20240521_100039-150x100.jpg 150w, https:\/\/victoria-rad.de\/wp-content\/uploads\/2024\/11\/20240521_100039-768x511.jpg 768w, https:\/\/victoria-rad.de\/wp-content\/uploads\/2024\/11\/20240521_100039-1536x1021.jpg 1536w, https:\/\/victoria-rad.de\/wp-content\/uploads\/2024\/11\/20240521_100039-2048x1361.jpg 2048w\" sizes=\"auto, (max-width: 300px) 100vw, 300px\" \/><\/a><a href=\"http:\/\/victoria-rad.de\/wp-content\/uploads\/2024\/11\/20240521_100139-scaled.jpg\"><img loading=\"lazy\" decoding=\"async\" class=\"aligncenter wp-image-17305 size-medium\" src=\"http:\/\/victoria-rad.de\/wp-content\/uploads\/2024\/11\/20240521_100139-300x225.jpg\" alt=\"\" width=\"300\" height=\"225\" srcset=\"https:\/\/victoria-rad.de\/wp-content\/uploads\/2024\/11\/20240521_100139-300x225.jpg 300w, https:\/\/victoria-rad.de\/wp-content\/uploads\/2024\/11\/20240521_100139-1024x768.jpg 1024w, https:\/\/victoria-rad.de\/wp-content\/uploads\/2024\/11\/20240521_100139-150x113.jpg 150w, https:\/\/victoria-rad.de\/wp-content\/uploads\/2024\/11\/20240521_100139-768x576.jpg 768w, https:\/\/victoria-rad.de\/wp-content\/uploads\/2024\/11\/20240521_100139-1536x1152.jpg 1536w, https:\/\/victoria-rad.de\/wp-content\/uploads\/2024\/11\/20240521_100139-2048x1536.jpg 2048w\" sizes=\"auto, (max-width: 300px) 100vw, 300px\" \/><\/a><a href=\"http:\/\/victoria-rad.de\/wp-content\/uploads\/2024\/11\/20240521_100422-scaled.jpg\"><img loading=\"lazy\" decoding=\"async\" class=\"aligncenter wp-image-17306 size-medium\" src=\"http:\/\/victoria-rad.de\/wp-content\/uploads\/2024\/11\/20240521_100422-300x173.jpg\" alt=\"\" width=\"300\" height=\"173\" srcset=\"https:\/\/victoria-rad.de\/wp-content\/uploads\/2024\/11\/20240521_100422-300x173.jpg 300w, https:\/\/victoria-rad.de\/wp-content\/uploads\/2024\/11\/20240521_100422-1024x590.jpg 1024w, https:\/\/victoria-rad.de\/wp-content\/uploads\/2024\/11\/20240521_100422-150x86.jpg 150w, https:\/\/victoria-rad.de\/wp-content\/uploads\/2024\/11\/20240521_100422-768x443.jpg 768w, https:\/\/victoria-rad.de\/wp-content\/uploads\/2024\/11\/20240521_100422-1536x885.jpg 1536w, https:\/\/victoria-rad.de\/wp-content\/uploads\/2024\/11\/20240521_100422-2048x1180.jpg 2048w\" sizes=\"auto, (max-width: 300px) 100vw, 300px\" \/><\/a><\/p>\n<p><strong>Die aufmerksamen Beobachter haben sicherlich gesehen, dass die Schaltung des Rennmotorrads nicht \u00fcber die am Tank befindliche Kulissenschaltung geregelt wird, sondern \u00fcber eine Handschaltung rechtsseitig am Lenker. Da das einzigartige Motorrad aus vielen originalen Teilen besteht, vom Nachbaurahmen abgesehen, war meine Absicht hier ein absolut seltenes &#8222;Soden-Getriebe&#8220; von Victoria einzubauen.<\/strong><\/p>\n<p style=\"text-align: center;\"><strong>SODEN-GETRIEBE &#8211; ja was ist denn das ?<\/strong><\/p>\n<p><strong>Victoria war um die 1925er Jahre soweit, das man bei <img loading=\"lazy\" decoding=\"async\" class=\"alignnone size-full wp-image-17310\" src=\"http:\/\/victoria-rad.de\/wp-content\/uploads\/2024\/11\/th.jpeg\" alt=\"\" width=\"80\" height=\"80\" \/> Friedrichshafen ein sogenanntes &#8222;Soden-Getriebe&#8220; &#8211; ein Getriebe \u00fcber Handschaltung entwickeln lies und versuchsweise in ein Victoria K.R.III. &#8211; Motorrad einbaute:<\/strong><\/p>\n<p><a href=\"http:\/\/victoria-rad.de\/wp-content\/uploads\/2024\/11\/IMG_20240503_0002.jpg\"><img loading=\"lazy\" decoding=\"async\" class=\"aligncenter wp-image-17311 size-medium\" src=\"http:\/\/victoria-rad.de\/wp-content\/uploads\/2024\/11\/IMG_20240503_0002-300x172.jpg\" alt=\"\" width=\"300\" height=\"172\" srcset=\"https:\/\/victoria-rad.de\/wp-content\/uploads\/2024\/11\/IMG_20240503_0002-300x172.jpg 300w, https:\/\/victoria-rad.de\/wp-content\/uploads\/2024\/11\/IMG_20240503_0002-1024x587.jpg 1024w, https:\/\/victoria-rad.de\/wp-content\/uploads\/2024\/11\/IMG_20240503_0002-150x86.jpg 150w, https:\/\/victoria-rad.de\/wp-content\/uploads\/2024\/11\/IMG_20240503_0002-768x440.jpg 768w, https:\/\/victoria-rad.de\/wp-content\/uploads\/2024\/11\/IMG_20240503_0002-1536x880.jpg 1536w, https:\/\/victoria-rad.de\/wp-content\/uploads\/2024\/11\/IMG_20240503_0002-2048x1174.jpg 2048w\" sizes=\"auto, (max-width: 300px) 100vw, 300px\" \/><\/a><strong>Es wurden zur damaligen Zeit gerade mal 3 St\u00fcck dieser Getriebe hergestellt. Da das Kosten-Nutzen-Verh\u00e4ltnis ein Motorrad preism\u00e4\u00dfig derma\u00dfen erh\u00f6ht h\u00e4tte, hat man eine weitere Produktion eingestellt. Meines Wissens nach haben 2 St\u00fcck dieser Getriebe \u00fcberlebt und eines konnte ich mal in Mannheim erwerben. Damals konnte ich die Bedeutung noch nicht\u00a0 eindeutig einordnen, aber als ich das Fachbuch von Dr.-Ing W. Beisel \u00fcber Soden-Getriebe las, war alles eindeutig. Nat\u00fcrlich wurde unter Beihilfe eines Spezialisten aus Greiz dieses Getriebe zerlegt und in die entsprechende Funktion gebracht:<\/strong><\/p>\n<p><strong>So vorgefunden:<\/strong><\/p>\n<p style=\"text-align: center;\"><a href=\"http:\/\/victoria-rad.de\/wp-content\/uploads\/2024\/11\/Sod-8.jpg\"><img loading=\"lazy\" decoding=\"async\" class=\"aligncenter wp-image-17332 size-medium\" src=\"http:\/\/victoria-rad.de\/wp-content\/uploads\/2024\/11\/Sod-8-300x278.jpg\" alt=\"\" width=\"300\" height=\"278\" srcset=\"https:\/\/victoria-rad.de\/wp-content\/uploads\/2024\/11\/Sod-8-300x278.jpg 300w, https:\/\/victoria-rad.de\/wp-content\/uploads\/2024\/11\/Sod-8-150x139.jpg 150w, https:\/\/victoria-rad.de\/wp-content\/uploads\/2024\/11\/Sod-8-768x712.jpg 768w, https:\/\/victoria-rad.de\/wp-content\/uploads\/2024\/11\/Sod-8.jpg 800w\" sizes=\"auto, (max-width: 300px) 100vw, 300px\" \/><strong>Am unteren Ende erkennt man den Anschluss f\u00fcr den Bowdenzug zur Gang-Wahl \u00fcber den Handgang-Schaltgriff&#8230;<\/strong><\/a><\/p>\n<p><strong>So in die Einzelteile zerlegt:<\/strong><\/p>\n<p><a href=\"http:\/\/victoria-rad.de\/wp-content\/uploads\/2024\/11\/20230810_092321-2-scaled.jpg\"><img loading=\"lazy\" decoding=\"async\" class=\"aligncenter wp-image-17312 size-medium\" src=\"http:\/\/victoria-rad.de\/wp-content\/uploads\/2024\/11\/20230810_092321-2-300x294.jpg\" alt=\"\" width=\"300\" height=\"294\" srcset=\"https:\/\/victoria-rad.de\/wp-content\/uploads\/2024\/11\/20230810_092321-2-300x294.jpg 300w, https:\/\/victoria-rad.de\/wp-content\/uploads\/2024\/11\/20230810_092321-2-1024x1004.jpg 1024w, https:\/\/victoria-rad.de\/wp-content\/uploads\/2024\/11\/20230810_092321-2-150x147.jpg 150w, https:\/\/victoria-rad.de\/wp-content\/uploads\/2024\/11\/20230810_092321-2-768x753.jpg 768w, https:\/\/victoria-rad.de\/wp-content\/uploads\/2024\/11\/20230810_092321-2-1536x1506.jpg 1536w, https:\/\/victoria-rad.de\/wp-content\/uploads\/2024\/11\/20230810_092321-2-2048x2008.jpg 2048w\" sizes=\"auto, (max-width: 300px) 100vw, 300px\" \/><\/a>Die n\u00e4chste Herausforderung war beim Kauf der fehlende Handschalt-Griff des Soden-Getriebes. Was bleibt einem dann noch \u00fcbrig ? Da muss einer nachgefertigt werden !!! Also musste der n\u00e4chste Freund her, ein Spezialist aus dem Erzgebirge, den ich auch schon viele Jahre kenne.<\/p>\n<p><a href=\"http:\/\/victoria-rad.de\/wp-content\/uploads\/2024\/11\/20241124_133945-scaled.jpg\"><img loading=\"lazy\" decoding=\"async\" class=\"aligncenter wp-image-17316 size-medium\" src=\"http:\/\/victoria-rad.de\/wp-content\/uploads\/2024\/11\/20241124_133945-225x300.jpg\" alt=\"\" width=\"225\" height=\"300\" srcset=\"https:\/\/victoria-rad.de\/wp-content\/uploads\/2024\/11\/20241124_133945-225x300.jpg 225w, https:\/\/victoria-rad.de\/wp-content\/uploads\/2024\/11\/20241124_133945-768x1024.jpg 768w, https:\/\/victoria-rad.de\/wp-content\/uploads\/2024\/11\/20241124_133945-113x150.jpg 113w, https:\/\/victoria-rad.de\/wp-content\/uploads\/2024\/11\/20241124_133945-1152x1536.jpg 1152w, https:\/\/victoria-rad.de\/wp-content\/uploads\/2024\/11\/20241124_133945-1536x2048.jpg 1536w, https:\/\/victoria-rad.de\/wp-content\/uploads\/2024\/11\/20241124_133945-scaled.jpg 1920w\" sizes=\"auto, (max-width: 225px) 100vw, 225px\" \/><\/a><a href=\"http:\/\/victoria-rad.de\/wp-content\/uploads\/2024\/11\/20241124_134025-scaled.jpg\"><img loading=\"lazy\" decoding=\"async\" class=\"aligncenter wp-image-17317 size-medium\" src=\"http:\/\/victoria-rad.de\/wp-content\/uploads\/2024\/11\/20241124_134025-300x164.jpg\" alt=\"\" width=\"300\" height=\"164\" srcset=\"https:\/\/victoria-rad.de\/wp-content\/uploads\/2024\/11\/20241124_134025-300x164.jpg 300w, https:\/\/victoria-rad.de\/wp-content\/uploads\/2024\/11\/20241124_134025-1024x560.jpg 1024w, https:\/\/victoria-rad.de\/wp-content\/uploads\/2024\/11\/20241124_134025-150x82.jpg 150w, https:\/\/victoria-rad.de\/wp-content\/uploads\/2024\/11\/20241124_134025-768x420.jpg 768w, https:\/\/victoria-rad.de\/wp-content\/uploads\/2024\/11\/20241124_134025-1536x839.jpg 1536w, https:\/\/victoria-rad.de\/wp-content\/uploads\/2024\/11\/20241124_134025-2048x1119.jpg 2048w\" sizes=\"auto, (max-width: 300px) 100vw, 300px\" \/><\/a><\/p>\n<p><strong>Das eingebaute Soden-Getriebe und der h\u00f6chst seltene Motor mit dem absolut raren Doppelvergaser:<\/strong><\/p>\n<p><a href=\"http:\/\/victoria-rad.de\/wp-content\/uploads\/2024\/11\/20241124_134117-scaled.jpg\"><img loading=\"lazy\" decoding=\"async\" class=\"aligncenter wp-image-17318 size-medium\" src=\"http:\/\/victoria-rad.de\/wp-content\/uploads\/2024\/11\/20241124_134117-300x225.jpg\" alt=\"\" width=\"300\" height=\"225\" srcset=\"https:\/\/victoria-rad.de\/wp-content\/uploads\/2024\/11\/20241124_134117-300x225.jpg 300w, https:\/\/victoria-rad.de\/wp-content\/uploads\/2024\/11\/20241124_134117-1024x768.jpg 1024w, https:\/\/victoria-rad.de\/wp-content\/uploads\/2024\/11\/20241124_134117-150x113.jpg 150w, https:\/\/victoria-rad.de\/wp-content\/uploads\/2024\/11\/20241124_134117-768x576.jpg 768w, https:\/\/victoria-rad.de\/wp-content\/uploads\/2024\/11\/20241124_134117-1536x1152.jpg 1536w, https:\/\/victoria-rad.de\/wp-content\/uploads\/2024\/11\/20241124_134117-2048x1536.jpg 2048w\" sizes=\"auto, (max-width: 300px) 100vw, 300px\" \/><\/a><\/p>\n<p style=\"text-align: center;\">\u00dcber die Schwierigkeiten eines solchen Unterfangens und die Schwierigkeiten bei Einbau und der am Ende stehenden Funktion m\u00f6chte ich nicht weiter auslassen. Viele Anl\u00e4ufe und Nerven von den Beteiligten hat das gekostet !!!<\/p>\n<p><strong>Zum Abschluss noch einige Detailaufnahmen Von der K.R.III. Sport:<\/strong><\/p>\n<p style=\"text-align: center;\"><a href=\"http:\/\/victoria-rad.de\/wp-content\/uploads\/2024\/11\/20241124_133904-scaled.jpg\"><img loading=\"lazy\" decoding=\"async\" class=\"aligncenter wp-image-17319 size-medium\" src=\"http:\/\/victoria-rad.de\/wp-content\/uploads\/2024\/11\/20241124_133904-225x300.jpg\" alt=\"\" width=\"225\" height=\"300\" srcset=\"https:\/\/victoria-rad.de\/wp-content\/uploads\/2024\/11\/20241124_133904-225x300.jpg 225w, https:\/\/victoria-rad.de\/wp-content\/uploads\/2024\/11\/20241124_133904-768x1024.jpg 768w, https:\/\/victoria-rad.de\/wp-content\/uploads\/2024\/11\/20241124_133904-113x150.jpg 113w, https:\/\/victoria-rad.de\/wp-content\/uploads\/2024\/11\/20241124_133904-1152x1536.jpg 1152w, https:\/\/victoria-rad.de\/wp-content\/uploads\/2024\/11\/20241124_133904-1536x2048.jpg 1536w, https:\/\/victoria-rad.de\/wp-content\/uploads\/2024\/11\/20241124_133904-scaled.jpg 1920w\" sizes=\"auto, (max-width: 225px) 100vw, 225px\" \/><\/a>Der ACV Tachometer mit Drehzahlmesser bis 160 km\/Stunde, Lenker-D\u00e4mpfer-Verstellung und linksseitig Hebel f\u00fcr Fr\u00fch\/Sp\u00e4t-Z\u00fcndung sowie Luftschieber-Verstellung und Abstellknopf f\u00fcr die Z\u00fcndung&#8230;<\/p>\n<p style=\"text-align: center;\"><a href=\"http:\/\/victoria-rad.de\/wp-content\/uploads\/2024\/11\/20241124_133835-scaled.jpg\"><img loading=\"lazy\" decoding=\"async\" class=\"aligncenter wp-image-17320 size-medium\" src=\"http:\/\/victoria-rad.de\/wp-content\/uploads\/2024\/11\/20241124_133835-295x300.jpg\" alt=\"\" width=\"295\" height=\"300\" srcset=\"https:\/\/victoria-rad.de\/wp-content\/uploads\/2024\/11\/20241124_133835-295x300.jpg 295w, https:\/\/victoria-rad.de\/wp-content\/uploads\/2024\/11\/20241124_133835-1006x1024.jpg 1006w, https:\/\/victoria-rad.de\/wp-content\/uploads\/2024\/11\/20241124_133835-147x150.jpg 147w, https:\/\/victoria-rad.de\/wp-content\/uploads\/2024\/11\/20241124_133835-768x782.jpg 768w, https:\/\/victoria-rad.de\/wp-content\/uploads\/2024\/11\/20241124_133835-1509x1536.jpg 1509w, https:\/\/victoria-rad.de\/wp-content\/uploads\/2024\/11\/20241124_133835-2012x2048.jpg 2012w\" sizes=\"auto, (max-width: 295px) 100vw, 295px\" \/><\/a>Tacho &#8211; Anschluss \u00fcber Scheibe und Winkeltrieb&#8230;<\/p>\n<p style=\"text-align: center;\"><a href=\"http:\/\/victoria-rad.de\/wp-content\/uploads\/2024\/11\/20241124_134230-scaled.jpg\"><img loading=\"lazy\" decoding=\"async\" class=\"aligncenter wp-image-17321 size-medium\" src=\"http:\/\/victoria-rad.de\/wp-content\/uploads\/2024\/11\/20241124_134230-225x300.jpg\" alt=\"\" width=\"225\" height=\"300\" srcset=\"https:\/\/victoria-rad.de\/wp-content\/uploads\/2024\/11\/20241124_134230-225x300.jpg 225w, https:\/\/victoria-rad.de\/wp-content\/uploads\/2024\/11\/20241124_134230-768x1024.jpg 768w, https:\/\/victoria-rad.de\/wp-content\/uploads\/2024\/11\/20241124_134230-113x150.jpg 113w, https:\/\/victoria-rad.de\/wp-content\/uploads\/2024\/11\/20241124_134230-1152x1536.jpg 1152w, https:\/\/victoria-rad.de\/wp-content\/uploads\/2024\/11\/20241124_134230-1536x2048.jpg 1536w, https:\/\/victoria-rad.de\/wp-content\/uploads\/2024\/11\/20241124_134230-scaled.jpg 1920w\" sizes=\"auto, (max-width: 225px) 100vw, 225px\" \/><\/a>Die Vorderrad-Bremse war zu dieser Zeit noch nicht in Serien-Motorr\u00e4dern vorhanden&#8230; Daher ist sie bereits ein Novum bei der Rennmaschine&#8230;<\/p>\n<p><strong>Die noch vorhandene Kupplungs-Bremse vom Serienmodell, welche mit der Hinterradbremse verbunden ist, war ein weiterer Sicherheitsaspekt\u00a0 dieses au\u00dfergew\u00f6hnlichen Victoria-Motorrades:<\/strong><\/p>\n<p style=\"text-align: center;\"><a href=\"http:\/\/victoria-rad.de\/wp-content\/uploads\/2024\/11\/20241124_134122-scaled.jpg\"><img loading=\"lazy\" decoding=\"async\" class=\"aligncenter wp-image-17322 size-medium\" src=\"http:\/\/victoria-rad.de\/wp-content\/uploads\/2024\/11\/20241124_134122-300x225.jpg\" alt=\"\" width=\"300\" height=\"225\" srcset=\"https:\/\/victoria-rad.de\/wp-content\/uploads\/2024\/11\/20241124_134122-300x225.jpg 300w, https:\/\/victoria-rad.de\/wp-content\/uploads\/2024\/11\/20241124_134122-1024x768.jpg 1024w, https:\/\/victoria-rad.de\/wp-content\/uploads\/2024\/11\/20241124_134122-150x113.jpg 150w, https:\/\/victoria-rad.de\/wp-content\/uploads\/2024\/11\/20241124_134122-768x576.jpg 768w, https:\/\/victoria-rad.de\/wp-content\/uploads\/2024\/11\/20241124_134122-1536x1152.jpg 1536w, https:\/\/victoria-rad.de\/wp-content\/uploads\/2024\/11\/20241124_134122-2048x1536.jpg 2048w\" sizes=\"auto, (max-width: 300px) 100vw, 300px\" \/><\/a>Am Rahmen rechts und unter Motor-Trag-Lasche sieht man die biegsame Schaltwelle vom Handschalt-Getriebe&#8230;<\/p>\n<p><strong>Noch ein Bild im Detail von der Schwungscheibenseite:<\/strong><\/p>\n<p><a href=\"http:\/\/victoria-rad.de\/wp-content\/uploads\/2024\/11\/20241124_134146-scaled.jpg\"><img loading=\"lazy\" decoding=\"async\" class=\"aligncenter wp-image-17324 size-medium\" src=\"http:\/\/victoria-rad.de\/wp-content\/uploads\/2024\/11\/20241124_134146-300x225.jpg\" alt=\"\" width=\"300\" height=\"225\" srcset=\"https:\/\/victoria-rad.de\/wp-content\/uploads\/2024\/11\/20241124_134146-300x225.jpg 300w, https:\/\/victoria-rad.de\/wp-content\/uploads\/2024\/11\/20241124_134146-1024x768.jpg 1024w, https:\/\/victoria-rad.de\/wp-content\/uploads\/2024\/11\/20241124_134146-150x113.jpg 150w, https:\/\/victoria-rad.de\/wp-content\/uploads\/2024\/11\/20241124_134146-768x576.jpg 768w, https:\/\/victoria-rad.de\/wp-content\/uploads\/2024\/11\/20241124_134146-1536x1152.jpg 1536w, https:\/\/victoria-rad.de\/wp-content\/uploads\/2024\/11\/20241124_134146-2048x1536.jpg 2048w\" sizes=\"auto, (max-width: 300px) 100vw, 300px\" \/><\/a><strong>Zum Abschluss gerne noch 2 Videos, einmal die Funktion der Rennmaschine:<\/strong><\/p>\n<div style=\"width: 660px;\" class=\"wp-video\"><video class=\"wp-video-shortcode\" id=\"video-17278-2\" width=\"660\" height=\"371\" preload=\"metadata\" controls=\"controls\"><source type=\"video\/mp4\" src=\"http:\/\/victoria-rad.de\/wp-content\/uploads\/2024\/11\/Bericht.mp4?_=2\" \/><a href=\"http:\/\/victoria-rad.de\/wp-content\/uploads\/2024\/11\/Bericht.mp4\">http:\/\/victoria-rad.de\/wp-content\/uploads\/2024\/11\/Bericht.mp4<\/a><\/video><\/div>\n<p><strong>Ein Fahrt im Mai 2024 in Speyer beim Brazzeltag bei Hermann Layher:<\/strong><\/p>\n<div style=\"width: 660px;\" class=\"wp-video\"><video class=\"wp-video-shortcode\" id=\"video-17278-3\" width=\"660\" height=\"371\" preload=\"metadata\" controls=\"controls\"><source type=\"video\/mp4\" src=\"http:\/\/victoria-rad.de\/wp-content\/uploads\/2024\/11\/Fahrt-Brazzeltag.mp4?_=3\" \/><a href=\"http:\/\/victoria-rad.de\/wp-content\/uploads\/2024\/11\/Fahrt-Brazzeltag.mp4\">http:\/\/victoria-rad.de\/wp-content\/uploads\/2024\/11\/Fahrt-Brazzeltag.mp4<\/a><\/video><\/div>\n<p><strong>Noch ein Bild vom Brazzeltag &#8211; Mai 1924 Gert Reiher und Hermann Layher:<\/strong><\/p>\n<p><a href=\"http:\/\/victoria-rad.de\/wp-content\/uploads\/2024\/11\/IMG-20240511-WA0043.jpg\"><img loading=\"lazy\" decoding=\"async\" class=\"aligncenter wp-image-17334 size-medium\" src=\"http:\/\/victoria-rad.de\/wp-content\/uploads\/2024\/11\/IMG-20240511-WA0043-186x300.jpg\" alt=\"\" width=\"186\" height=\"300\" srcset=\"https:\/\/victoria-rad.de\/wp-content\/uploads\/2024\/11\/IMG-20240511-WA0043-186x300.jpg 186w, https:\/\/victoria-rad.de\/wp-content\/uploads\/2024\/11\/IMG-20240511-WA0043-635x1024.jpg 635w, https:\/\/victoria-rad.de\/wp-content\/uploads\/2024\/11\/IMG-20240511-WA0043-93x150.jpg 93w, https:\/\/victoria-rad.de\/wp-content\/uploads\/2024\/11\/IMG-20240511-WA0043-768x1238.jpg 768w, https:\/\/victoria-rad.de\/wp-content\/uploads\/2024\/11\/IMG-20240511-WA0043-953x1536.jpg 953w, https:\/\/victoria-rad.de\/wp-content\/uploads\/2024\/11\/IMG-20240511-WA0043.jpg 1037w\" sizes=\"auto, (max-width: 186px) 100vw, 186px\" \/><\/a><\/p>\n<p style=\"text-align: center;\"><em><strong>Liebe Victoria-Freunde ich hoffe das Euch der Beitrag \u00fcber die Anf\u00e4nge der Renngeschichte unserer Motorrad-Marke gefallen hat. Ja 100 Jahre sind damit vergangen und Victoria hat Geschichte geschrieben auf die wir gemeinsam sehr stolz sein k\u00f6nnen&#8230;<\/strong><\/em><\/p>\n<p style=\"text-align: center;\"><em><strong>\u00dcber die Weihnachtszeit diesen Jahres werde ich Euch dann einen weiteren ausf\u00fchrlichen Bericht \u00fcber die erste Kompressor-Rennmaschine von Victoria pr\u00e4sentieren, wo ich auch schon mehrmals berichtet habe, aber das Thema ist ja so interessant und j\u00e4hrt sich auch zum 100ers Mal, denke es ist es auf jeden Fall wert !!!<\/strong><\/em><\/p>\n<p>&nbsp;<\/p>\n<p><img loading=\"lazy\" decoding=\"async\" class=\"alignnone size-medium wp-image-17328 aligncenter\" src=\"http:\/\/victoria-rad.de\/wp-content\/uploads\/2024\/11\/IMG_20190312_0002-1-300x102.jpg\" alt=\"\" width=\"300\" height=\"102\" srcset=\"https:\/\/victoria-rad.de\/wp-content\/uploads\/2024\/11\/IMG_20190312_0002-1-300x102.jpg 300w, https:\/\/victoria-rad.de\/wp-content\/uploads\/2024\/11\/IMG_20190312_0002-1-1024x347.jpg 1024w, https:\/\/victoria-rad.de\/wp-content\/uploads\/2024\/11\/IMG_20190312_0002-1-150x51.jpg 150w, https:\/\/victoria-rad.de\/wp-content\/uploads\/2024\/11\/IMG_20190312_0002-1-768x261.jpg 768w, https:\/\/victoria-rad.de\/wp-content\/uploads\/2024\/11\/IMG_20190312_0002-1-1536x521.jpg 1536w, https:\/\/victoria-rad.de\/wp-content\/uploads\/2024\/11\/IMG_20190312_0002-1-2048x695.jpg 2048w\" sizes=\"auto, (max-width: 300px) 100vw, 300px\" \/><\/p>\n<p>&nbsp;<\/p>\n<p>&nbsp;<\/p>\n","protected":false},"excerpt":{"rendered":"<p>Victoria &#8211; Die Entwicklung der &#8222;Motorrad Renngeschichte&#8220; j\u00e4hrt sich zum 100erten Mal im Jahr 1924 \/ 1925&#8230; Victoria hat schon fr\u00fchzeitig, bereits im Jahr 1921 mit ihren Werksfahrern Adolf Brudes, Georg M\u00f6hringer &#8211; um nur 2 zu nennen, mit modifizierten Victoria-Motorr\u00e4dern der ersten Generation an fl\u00e4chendeckenden Rennen teilgenommen. Schon damals hat die Firma unter hoher &hellip; <a href=\"https:\/\/victoria-rad.de\/?p=17278\" class=\"more-link\"><span class=\"screen-reader-text\">Getrimmter Boxer &#8211; 1. Rennmotorrad von Victoria &#8211; Anfang 1925&#8230;<\/span> weiterlesen<\/a><\/p>\n","protected":false},"author":1,"featured_media":0,"comment_status":"open","ping_status":"open","sticky":false,"template":"","format":"standard","meta":{"footnotes":""},"categories":[1],"tags":[],"class_list":["post-17278","post","type-post","status-publish","format-standard","hentry","category-uncategorized"],"_links":{"self":[{"href":"https:\/\/victoria-rad.de\/index.php?rest_route=\/wp\/v2\/posts\/17278","targetHints":{"allow":["GET"]}}],"collection":[{"href":"https:\/\/victoria-rad.de\/index.php?rest_route=\/wp\/v2\/posts"}],"about":[{"href":"https:\/\/victoria-rad.de\/index.php?rest_route=\/wp\/v2\/types\/post"}],"author":[{"embeddable":true,"href":"https:\/\/victoria-rad.de\/index.php?rest_route=\/wp\/v2\/users\/1"}],"replies":[{"embeddable":true,"href":"https:\/\/victoria-rad.de\/index.php?rest_route=%2Fwp%2Fv2%2Fcomments&post=17278"}],"version-history":[{"count":28,"href":"https:\/\/victoria-rad.de\/index.php?rest_route=\/wp\/v2\/posts\/17278\/revisions"}],"predecessor-version":[{"id":17416,"href":"https:\/\/victoria-rad.de\/index.php?rest_route=\/wp\/v2\/posts\/17278\/revisions\/17416"}],"wp:attachment":[{"href":"https:\/\/victoria-rad.de\/index.php?rest_route=%2Fwp%2Fv2%2Fmedia&parent=17278"}],"wp:term":[{"taxonomy":"category","embeddable":true,"href":"https:\/\/victoria-rad.de\/index.php?rest_route=%2Fwp%2Fv2%2Fcategories&post=17278"},{"taxonomy":"post_tag","embeddable":true,"href":"https:\/\/victoria-rad.de\/index.php?rest_route=%2Fwp%2Fv2%2Ftags&post=17278"}],"curies":[{"name":"wp","href":"https:\/\/api.w.org\/{rel}","templated":true}]}}