{"id":17597,"date":"2025-01-03T10:35:44","date_gmt":"2025-01-03T09:35:44","guid":{"rendered":"https:\/\/victoria-rad.de\/?p=17597"},"modified":"2025-01-03T10:35:44","modified_gmt":"2025-01-03T09:35:44","slug":"victoria-rad-vom-jahr-1901-in-guten-zustand-entdeckt","status":"publish","type":"post","link":"https:\/\/victoria-rad.de\/?p=17597","title":{"rendered":"Victoria &#8211; Rad vom Jahr 1901 in guten Zustand entdeckt&#8230;"},"content":{"rendered":"<p><strong>Ja, um die Jahrhundert-Wende 1900 waren die R\u00e4der den heutigen Fahrr\u00e4dern schon sehr \u00e4hnlich, mal von den hohen Steuerk\u00f6pfen und weiteren technischen Dingen wie &#8211; Bremsen, Naben, Ketten usw. abgesehen. Bevor ich ein gut erhaltenes Rad von 1901 vorstelle, noch einige Infos aus dem Victoria-Katalog von 1900:<\/strong><a href=\"http:\/\/victoria-rad.de\/wp-content\/uploads\/2018\/07\/IMG_20150409_0001.jpg\" target=\"_blank\" rel=\"noopener noreferrer\"><img loading=\"lazy\" decoding=\"async\" class=\"aligncenter wp-image-333 size-medium\" src=\"http:\/\/victoria-rad.de\/wp-content\/uploads\/2018\/07\/IMG_20150409_0001-197x300.jpg\" alt=\"\" width=\"197\" height=\"300\" srcset=\"https:\/\/victoria-rad.de\/wp-content\/uploads\/2018\/07\/IMG_20150409_0001-197x300.jpg 197w, https:\/\/victoria-rad.de\/wp-content\/uploads\/2018\/07\/IMG_20150409_0001-768x1167.jpg 768w, https:\/\/victoria-rad.de\/wp-content\/uploads\/2018\/07\/IMG_20150409_0001-674x1024.jpg 674w\" sizes=\"auto, (max-width: 197px) 100vw, 197px\" \/><\/a><\/p>\n<p style=\"text-align: center;\">Der erste Katalog im neuen Jahrhundert, vorgestellt von den Victoria &#8211; Fahrrad -Werken, vormals Frankenburger &amp; Ottenstein N\u00fcrnberg, Ludwig Feuerbachstra\u00dfe 53.<\/p>\n<p><a href=\"http:\/\/victoria-rad.de\/wp-content\/uploads\/2018\/07\/IMG_20150409_0005.jpg\" target=\"_blank\" rel=\"noopener noreferrer\"><img loading=\"lazy\" decoding=\"async\" class=\"aligncenter wp-image-335 size-medium\" src=\"http:\/\/victoria-rad.de\/wp-content\/uploads\/2018\/07\/IMG_20150409_0005-199x300.jpg\" alt=\"\" width=\"199\" height=\"300\" srcset=\"https:\/\/victoria-rad.de\/wp-content\/uploads\/2018\/07\/IMG_20150409_0005-199x300.jpg 199w, https:\/\/victoria-rad.de\/wp-content\/uploads\/2018\/07\/IMG_20150409_0005-768x1157.jpg 768w, https:\/\/victoria-rad.de\/wp-content\/uploads\/2018\/07\/IMG_20150409_0005-680x1024.jpg 680w\" sizes=\"auto, (max-width: 199px) 100vw, 199px\" \/><\/a><\/p>\n<p style=\"text-align: center;\">Die Auszeichnungen konnten sich sehen lassen, bis zur Weltausstellung in Chicago im Jahr 1893.<\/p>\n<p><a href=\"http:\/\/victoria-rad.de\/wp-content\/uploads\/2018\/07\/IMG_20150409_0012.jpg\" target=\"_blank\" rel=\"noopener noreferrer\"><img loading=\"lazy\" decoding=\"async\" class=\"aligncenter wp-image-337 size-medium\" src=\"http:\/\/victoria-rad.de\/wp-content\/uploads\/2018\/07\/IMG_20150409_0012-300x219.jpg\" alt=\"\" width=\"300\" height=\"219\" srcset=\"https:\/\/victoria-rad.de\/wp-content\/uploads\/2018\/07\/IMG_20150409_0012-300x219.jpg 300w, https:\/\/victoria-rad.de\/wp-content\/uploads\/2018\/07\/IMG_20150409_0012-768x562.jpg 768w, https:\/\/victoria-rad.de\/wp-content\/uploads\/2018\/07\/IMG_20150409_0012-1024x749.jpg 1024w\" sizes=\"auto, (max-width: 300px) 100vw, 300px\" \/><\/a><\/p>\n<p style=\"text-align: center;\">Victoria 1 &#8211; Hochfeiner Bahnrenner, Preis mit Continental oder Excelsior oder Harburg-Wien Mk. 330,-<\/p>\n<p><a href=\"http:\/\/victoria-rad.de\/wp-content\/uploads\/2018\/07\/IMG_20150409_0014.jpg\" target=\"_blank\" rel=\"noopener noreferrer\"><img loading=\"lazy\" decoding=\"async\" class=\"aligncenter wp-image-338 size-medium\" src=\"http:\/\/victoria-rad.de\/wp-content\/uploads\/2018\/07\/IMG_20150409_0014-300x212.jpg\" alt=\"\" width=\"300\" height=\"212\" srcset=\"https:\/\/victoria-rad.de\/wp-content\/uploads\/2018\/07\/IMG_20150409_0014-300x212.jpg 300w, https:\/\/victoria-rad.de\/wp-content\/uploads\/2018\/07\/IMG_20150409_0014-768x541.jpg 768w, https:\/\/victoria-rad.de\/wp-content\/uploads\/2018\/07\/IMG_20150409_0014-1024x722.jpg 1024w\" sizes=\"auto, (max-width: 300px) 100vw, 300px\" \/><\/a><\/p>\n<p style=\"text-align: center;\">Victoria 2 &#8211; Hochfeiner Stra\u00dfenrenner, Gewicht nur 12 Kilogramm.<\/p>\n<p><a href=\"http:\/\/victoria-rad.de\/wp-content\/uploads\/2024\/12\/IMG_20150409_0016-scaled.jpg\"><img loading=\"lazy\" decoding=\"async\" class=\"aligncenter wp-image-17619 size-medium\" src=\"http:\/\/victoria-rad.de\/wp-content\/uploads\/2024\/12\/IMG_20150409_0016-300x194.jpg\" alt=\"\" width=\"300\" height=\"194\" srcset=\"https:\/\/victoria-rad.de\/wp-content\/uploads\/2024\/12\/IMG_20150409_0016-300x194.jpg 300w, https:\/\/victoria-rad.de\/wp-content\/uploads\/2024\/12\/IMG_20150409_0016-1024x663.jpg 1024w, https:\/\/victoria-rad.de\/wp-content\/uploads\/2024\/12\/IMG_20150409_0016-150x97.jpg 150w, https:\/\/victoria-rad.de\/wp-content\/uploads\/2024\/12\/IMG_20150409_0016-768x497.jpg 768w, https:\/\/victoria-rad.de\/wp-content\/uploads\/2024\/12\/IMG_20150409_0016-1536x994.jpg 1536w, https:\/\/victoria-rad.de\/wp-content\/uploads\/2024\/12\/IMG_20150409_0016-2048x1325.jpg 2048w\" sizes=\"auto, (max-width: 300px) 100vw, 300px\" \/><\/a><\/p>\n<p style=\"text-align: center;\">Victoria 3 &#8211; Luxus Tourenrad, lieferbar in 3 Rahmenh\u00f6hen, 55 cm, 60 cm und 65 cm, noch mit Blockrollenkette !<\/p>\n<p><strong>Das Victoria Rad Nr. 3\u00a0 &#8211; Luxus Tourenrad ist heute der &#8222;Star&#8220; unserer Vorstellung&#8230; nicht allzu oft taucht ein solches Fahrrad in einem guten Zustand auf, also lasst uns einige Bilder und Informationen dazu er\u00f6rtern:<\/strong><\/p>\n<p style=\"text-align: center;\"><a href=\"http:\/\/victoria-rad.de\/wp-content\/uploads\/2024\/12\/IMG-20241212-WA0013.jpg\"><img loading=\"lazy\" decoding=\"async\" class=\"aligncenter wp-image-17603 size-medium\" src=\"http:\/\/victoria-rad.de\/wp-content\/uploads\/2024\/12\/IMG-20241212-WA0013-300x198.jpg\" alt=\"\" width=\"300\" height=\"198\" srcset=\"https:\/\/victoria-rad.de\/wp-content\/uploads\/2024\/12\/IMG-20241212-WA0013-300x198.jpg 300w, https:\/\/victoria-rad.de\/wp-content\/uploads\/2024\/12\/IMG-20241212-WA0013-1024x676.jpg 1024w, https:\/\/victoria-rad.de\/wp-content\/uploads\/2024\/12\/IMG-20241212-WA0013-150x99.jpg 150w, https:\/\/victoria-rad.de\/wp-content\/uploads\/2024\/12\/IMG-20241212-WA0013-768x507.jpg 768w, https:\/\/victoria-rad.de\/wp-content\/uploads\/2024\/12\/IMG-20241212-WA0013.jpg 1343w\" sizes=\"auto, (max-width: 300px) 100vw, 300px\" \/><\/a>Wie man sieht handelt es sich um eine niedrigere Rahmenh\u00f6he &#8211; 55 cm.<\/p>\n<p style=\"text-align: center;\"><a href=\"http:\/\/victoria-rad.de\/wp-content\/uploads\/2024\/12\/IMG-20241212-WA0028.jpg\"><img loading=\"lazy\" decoding=\"async\" class=\"aligncenter wp-image-17604 size-medium\" src=\"http:\/\/victoria-rad.de\/wp-content\/uploads\/2024\/12\/IMG-20241212-WA0028-225x300.jpg\" alt=\"\" width=\"225\" height=\"300\" srcset=\"https:\/\/victoria-rad.de\/wp-content\/uploads\/2024\/12\/IMG-20241212-WA0028-225x300.jpg 225w, https:\/\/victoria-rad.de\/wp-content\/uploads\/2024\/12\/IMG-20241212-WA0028-768x1024.jpg 768w, https:\/\/victoria-rad.de\/wp-content\/uploads\/2024\/12\/IMG-20241212-WA0028-113x150.jpg 113w, https:\/\/victoria-rad.de\/wp-content\/uploads\/2024\/12\/IMG-20241212-WA0028-1152x1536.jpg 1152w, https:\/\/victoria-rad.de\/wp-content\/uploads\/2024\/12\/IMG-20241212-WA0028.jpg 1200w\" sizes=\"auto, (max-width: 225px) 100vw, 225px\" \/><\/a>Am Steuerkopf befindet sich das Typenschild der Victoria-Werke&#8230;<\/p>\n<p style=\"text-align: center;\"><em><strong>Die aufgezogenen Reifen entsprechen nicht der Originalgr\u00f6\u00dfe, wie unschwer zu erkennen ist. Originale Reifen von der damaligen Zeit sind kaum zu erhalten&#8230;<\/strong><\/em><\/p>\n<p style=\"text-align: center;\"><a href=\"http:\/\/victoria-rad.de\/wp-content\/uploads\/2024\/12\/IMG-20241212-WA0022.jpg\"><img loading=\"lazy\" decoding=\"async\" class=\"aligncenter wp-image-17606 size-medium\" src=\"http:\/\/victoria-rad.de\/wp-content\/uploads\/2024\/12\/IMG-20241212-WA0022-300x239.jpg\" alt=\"\" width=\"300\" height=\"239\" srcset=\"https:\/\/victoria-rad.de\/wp-content\/uploads\/2024\/12\/IMG-20241212-WA0022-300x239.jpg 300w, https:\/\/victoria-rad.de\/wp-content\/uploads\/2024\/12\/IMG-20241212-WA0022-1024x814.jpg 1024w, https:\/\/victoria-rad.de\/wp-content\/uploads\/2024\/12\/IMG-20241212-WA0022-150x119.jpg 150w, https:\/\/victoria-rad.de\/wp-content\/uploads\/2024\/12\/IMG-20241212-WA0022-768x611.jpg 768w, https:\/\/victoria-rad.de\/wp-content\/uploads\/2024\/12\/IMG-20241212-WA0022.jpg 1509w\" sizes=\"auto, (max-width: 300px) 100vw, 300px\" \/><\/a>Gerne nochmal das Vorderrad, mit der End-vernickelten Vordergabel&#8230;<\/p>\n<p><strong>Die R\u00e4der sind bereits mit Drahtfelgen best\u00fcckt &#8211; 36 X Speichen (36 Loch). Noch 2 Bilder eines originalen Rades aus dem Jahr 1899, als man diese R\u00e4der auch schon hatte:<\/strong><\/p>\n<p style=\"text-align: center;\"><a href=\"http:\/\/victoria-rad.de\/wp-content\/uploads\/2024\/12\/20241214_120254-scaled.jpg\"><img loading=\"lazy\" decoding=\"async\" class=\"aligncenter wp-image-17609 size-medium\" src=\"http:\/\/victoria-rad.de\/wp-content\/uploads\/2024\/12\/20241214_120254-225x300.jpg\" alt=\"\" width=\"225\" height=\"300\" srcset=\"https:\/\/victoria-rad.de\/wp-content\/uploads\/2024\/12\/20241214_120254-225x300.jpg 225w, https:\/\/victoria-rad.de\/wp-content\/uploads\/2024\/12\/20241214_120254-768x1024.jpg 768w, https:\/\/victoria-rad.de\/wp-content\/uploads\/2024\/12\/20241214_120254-113x150.jpg 113w, https:\/\/victoria-rad.de\/wp-content\/uploads\/2024\/12\/20241214_120254-1152x1536.jpg 1152w, https:\/\/victoria-rad.de\/wp-content\/uploads\/2024\/12\/20241214_120254-1536x2048.jpg 1536w, https:\/\/victoria-rad.de\/wp-content\/uploads\/2024\/12\/20241214_120254-scaled.jpg 1920w\" sizes=\"auto, (max-width: 225px) 100vw, 225px\" \/><\/a>Exakt die gleiche Felge, auch die Lackierung ist so, nur etwas verbrauchter&#8230;<\/p>\n<p style=\"text-align: center;\"><a href=\"http:\/\/victoria-rad.de\/wp-content\/uploads\/2024\/12\/20241214_120533-scaled.jpg\"><img loading=\"lazy\" decoding=\"async\" class=\"aligncenter wp-image-17610 size-medium\" src=\"http:\/\/victoria-rad.de\/wp-content\/uploads\/2024\/12\/20241214_120533-225x300.jpg\" alt=\"\" width=\"225\" height=\"300\" srcset=\"https:\/\/victoria-rad.de\/wp-content\/uploads\/2024\/12\/20241214_120533-225x300.jpg 225w, https:\/\/victoria-rad.de\/wp-content\/uploads\/2024\/12\/20241214_120533-768x1024.jpg 768w, https:\/\/victoria-rad.de\/wp-content\/uploads\/2024\/12\/20241214_120533-113x150.jpg 113w, https:\/\/victoria-rad.de\/wp-content\/uploads\/2024\/12\/20241214_120533-1152x1536.jpg 1152w, https:\/\/victoria-rad.de\/wp-content\/uploads\/2024\/12\/20241214_120533-1536x2048.jpg 1536w, https:\/\/victoria-rad.de\/wp-content\/uploads\/2024\/12\/20241214_120533-scaled.jpg 1920w\" sizes=\"auto, (max-width: 225px) 100vw, 225px\" \/><\/a>Die gleiche Machart, auch als Herrenmodell&#8230;<\/p>\n<p style=\"text-align: left;\"><strong>Von der Nummernfolge ist das Rad von 1899 bei der Rahmennummer -52850- Das im Bericht gezeigte Rad ist von:1901 &#8211; der Rahmennummer bei -64288- Rahmennummer n\u00e4chstes Bild:<\/strong><\/p>\n<p style=\"text-align: center;\"><a href=\"http:\/\/victoria-rad.de\/wp-content\/uploads\/2024\/12\/IMG-20241212-WA0026.jpg\"><img loading=\"lazy\" decoding=\"async\" class=\"aligncenter wp-image-17612 size-medium\" src=\"http:\/\/victoria-rad.de\/wp-content\/uploads\/2024\/12\/IMG-20241212-WA0026-300x225.jpg\" alt=\"\" width=\"300\" height=\"225\" srcset=\"https:\/\/victoria-rad.de\/wp-content\/uploads\/2024\/12\/IMG-20241212-WA0026-300x225.jpg 300w, https:\/\/victoria-rad.de\/wp-content\/uploads\/2024\/12\/IMG-20241212-WA0026-1024x768.jpg 1024w, https:\/\/victoria-rad.de\/wp-content\/uploads\/2024\/12\/IMG-20241212-WA0026-150x113.jpg 150w, https:\/\/victoria-rad.de\/wp-content\/uploads\/2024\/12\/IMG-20241212-WA0026-768x576.jpg 768w, https:\/\/victoria-rad.de\/wp-content\/uploads\/2024\/12\/IMG-20241212-WA0026-1536x1152.jpg 1536w, https:\/\/victoria-rad.de\/wp-content\/uploads\/2024\/12\/IMG-20241212-WA0026.jpg 1600w\" sizes=\"auto, (max-width: 300px) 100vw, 300px\" \/><\/a>Rahmennummer: 64288 &#8211; Herren-Sattel mit doppelter Br\u00fccke&#8230;<\/p>\n<p style=\"text-align: center;\"><a href=\"http:\/\/victoria-rad.de\/wp-content\/uploads\/2024\/12\/IMG-20241212-WA0017.jpg\"><img loading=\"lazy\" decoding=\"async\" class=\"aligncenter wp-image-17614 size-medium\" src=\"http:\/\/victoria-rad.de\/wp-content\/uploads\/2024\/12\/IMG-20241212-WA0017-300x225.jpg\" alt=\"\" width=\"300\" height=\"225\" srcset=\"https:\/\/victoria-rad.de\/wp-content\/uploads\/2024\/12\/IMG-20241212-WA0017-300x225.jpg 300w, https:\/\/victoria-rad.de\/wp-content\/uploads\/2024\/12\/IMG-20241212-WA0017-1024x768.jpg 1024w, https:\/\/victoria-rad.de\/wp-content\/uploads\/2024\/12\/IMG-20241212-WA0017-150x113.jpg 150w, https:\/\/victoria-rad.de\/wp-content\/uploads\/2024\/12\/IMG-20241212-WA0017-768x576.jpg 768w, https:\/\/victoria-rad.de\/wp-content\/uploads\/2024\/12\/IMG-20241212-WA0017-1536x1152.jpg 1536w, https:\/\/victoria-rad.de\/wp-content\/uploads\/2024\/12\/IMG-20241212-WA0017.jpg 1600w\" sizes=\"auto, (max-width: 300px) 100vw, 300px\" \/><\/a>Die vordere Radnabe (F &amp; S), war zu diesem Zeitpunkt schon etwas st\u00e4rker und stabiler ausgef\u00fchrt worden&#8230;<\/p>\n<p style=\"text-align: center;\">Die hintere Starrnabe, h\u00f6chstwahrscheinlich F &amp; S &#8211; Nabe, war noch ohne Bremse, da diese ja erst im Jahr 1904 eingef\u00fchrt worden (Typ -&#8222;Torpedo-Nabe&#8220;), Erfinder A.P. Morrow aus Amerika&#8230;<\/p>\n<p><a href=\"http:\/\/victoria-rad.de\/wp-content\/uploads\/2024\/12\/IMG-20241212-WA0024.jpg\"><img loading=\"lazy\" decoding=\"async\" class=\"aligncenter wp-image-17615 size-medium\" src=\"http:\/\/victoria-rad.de\/wp-content\/uploads\/2024\/12\/IMG-20241212-WA0024-300x225.jpg\" alt=\"\" width=\"300\" height=\"225\" srcset=\"https:\/\/victoria-rad.de\/wp-content\/uploads\/2024\/12\/IMG-20241212-WA0024-300x225.jpg 300w, https:\/\/victoria-rad.de\/wp-content\/uploads\/2024\/12\/IMG-20241212-WA0024-1024x768.jpg 1024w, https:\/\/victoria-rad.de\/wp-content\/uploads\/2024\/12\/IMG-20241212-WA0024-150x113.jpg 150w, https:\/\/victoria-rad.de\/wp-content\/uploads\/2024\/12\/IMG-20241212-WA0024-768x576.jpg 768w, https:\/\/victoria-rad.de\/wp-content\/uploads\/2024\/12\/IMG-20241212-WA0024-1536x1152.jpg 1536w, https:\/\/victoria-rad.de\/wp-content\/uploads\/2024\/12\/IMG-20241212-WA0024.jpg 1600w\" sizes=\"auto, (max-width: 300px) 100vw, 300px\" \/><\/a><\/p>\n<p style=\"text-align: center;\"><a href=\"http:\/\/victoria-rad.de\/wp-content\/uploads\/2024\/12\/IMG-20241212-WA0016.jpg\"><img loading=\"lazy\" decoding=\"async\" class=\"aligncenter wp-image-17617 size-medium\" src=\"http:\/\/victoria-rad.de\/wp-content\/uploads\/2024\/12\/IMG-20241212-WA0016-300x211.jpg\" alt=\"\" width=\"300\" height=\"211\" srcset=\"https:\/\/victoria-rad.de\/wp-content\/uploads\/2024\/12\/IMG-20241212-WA0016-300x211.jpg 300w, https:\/\/victoria-rad.de\/wp-content\/uploads\/2024\/12\/IMG-20241212-WA0016-1024x719.jpg 1024w, https:\/\/victoria-rad.de\/wp-content\/uploads\/2024\/12\/IMG-20241212-WA0016-150x105.jpg 150w, https:\/\/victoria-rad.de\/wp-content\/uploads\/2024\/12\/IMG-20241212-WA0016-768x540.jpg 768w, https:\/\/victoria-rad.de\/wp-content\/uploads\/2024\/12\/IMG-20241212-WA0016-1536x1079.jpg 1536w, https:\/\/victoria-rad.de\/wp-content\/uploads\/2024\/12\/IMG-20241212-WA0016.jpg 1600w\" sizes=\"auto, (max-width: 300px) 100vw, 300px\" \/><\/a>Man beachte die Rollen-Blockkette mit oberen Glatt-Gliedern und am Zahnkranz waren sie gebogen zum Zahnkranz&#8230;<\/p>\n<p><strong>Technische Angaben und der damalige Preis:<\/strong><\/p>\n<p><a href=\"http:\/\/victoria-rad.de\/wp-content\/uploads\/2024\/12\/IMG_20150409_0017-scaled.jpg\"><img loading=\"lazy\" decoding=\"async\" class=\"aligncenter wp-image-17620 size-medium\" src=\"http:\/\/victoria-rad.de\/wp-content\/uploads\/2024\/12\/IMG_20150409_0017-188x300.jpg\" alt=\"\" width=\"188\" height=\"300\" srcset=\"https:\/\/victoria-rad.de\/wp-content\/uploads\/2024\/12\/IMG_20150409_0017-188x300.jpg 188w, https:\/\/victoria-rad.de\/wp-content\/uploads\/2024\/12\/IMG_20150409_0017-643x1024.jpg 643w, https:\/\/victoria-rad.de\/wp-content\/uploads\/2024\/12\/IMG_20150409_0017-94x150.jpg 94w, https:\/\/victoria-rad.de\/wp-content\/uploads\/2024\/12\/IMG_20150409_0017-768x1223.jpg 768w, https:\/\/victoria-rad.de\/wp-content\/uploads\/2024\/12\/IMG_20150409_0017-964x1536.jpg 964w, https:\/\/victoria-rad.de\/wp-content\/uploads\/2024\/12\/IMG_20150409_0017-1286x2048.jpg 1286w, https:\/\/victoria-rad.de\/wp-content\/uploads\/2024\/12\/IMG_20150409_0017-scaled.jpg 1607w\" sizes=\"auto, (max-width: 188px) 100vw, 188px\" \/><\/a><\/p>\n<p>Letztes Bild &#8211; die Lenkstange mit Bremseinrichtung:<\/p>\n<p style=\"text-align: center;\"><a href=\"http:\/\/victoria-rad.de\/wp-content\/uploads\/2024\/12\/IMG-20241212-WA0027.jpg\"><img loading=\"lazy\" decoding=\"async\" class=\"aligncenter wp-image-17621 size-medium\" src=\"http:\/\/victoria-rad.de\/wp-content\/uploads\/2024\/12\/IMG-20241212-WA0027-300x239.jpg\" alt=\"\" width=\"300\" height=\"239\" srcset=\"https:\/\/victoria-rad.de\/wp-content\/uploads\/2024\/12\/IMG-20241212-WA0027-300x239.jpg 300w, https:\/\/victoria-rad.de\/wp-content\/uploads\/2024\/12\/IMG-20241212-WA0027-1024x816.jpg 1024w, https:\/\/victoria-rad.de\/wp-content\/uploads\/2024\/12\/IMG-20241212-WA0027-150x119.jpg 150w, https:\/\/victoria-rad.de\/wp-content\/uploads\/2024\/12\/IMG-20241212-WA0027-768x612.jpg 768w, https:\/\/victoria-rad.de\/wp-content\/uploads\/2024\/12\/IMG-20241212-WA0027.jpg 1297w\" sizes=\"auto, (max-width: 300px) 100vw, 300px\" \/><\/a>Die Lenkstangen-Form entspricht der Form Nr.: 3 im Katalog von 1900&#8230;<\/p>\n<p><a href=\"http:\/\/victoria-rad.de\/wp-content\/uploads\/2024\/12\/IMG_20150409_0040-scaled.jpg\"><img loading=\"lazy\" decoding=\"async\" class=\"aligncenter wp-image-17624 size-medium\" src=\"http:\/\/victoria-rad.de\/wp-content\/uploads\/2024\/12\/IMG_20150409_0040-196x300.jpg\" alt=\"\" width=\"196\" height=\"300\" srcset=\"https:\/\/victoria-rad.de\/wp-content\/uploads\/2024\/12\/IMG_20150409_0040-196x300.jpg 196w, https:\/\/victoria-rad.de\/wp-content\/uploads\/2024\/12\/IMG_20150409_0040-670x1024.jpg 670w, https:\/\/victoria-rad.de\/wp-content\/uploads\/2024\/12\/IMG_20150409_0040-98x150.jpg 98w, https:\/\/victoria-rad.de\/wp-content\/uploads\/2024\/12\/IMG_20150409_0040-768x1174.jpg 768w, https:\/\/victoria-rad.de\/wp-content\/uploads\/2024\/12\/IMG_20150409_0040-1005x1536.jpg 1005w, https:\/\/victoria-rad.de\/wp-content\/uploads\/2024\/12\/IMG_20150409_0040-1340x2048.jpg 1340w, https:\/\/victoria-rad.de\/wp-content\/uploads\/2024\/12\/IMG_20150409_0040-scaled.jpg 1675w\" sizes=\"auto, (max-width: 196px) 100vw, 196px\" \/><\/a><\/p>\n<p style=\"text-align: center;\"><em><strong>Das waren die wichtigsten Details des voran gegangen Victoria-Rades Nr.: 3 aus dem Jahr 1901 in einem guten Zustand. Wer gerne noch mehr \u00fcber die Fahrr\u00e4der aus dieser Zeit erfahren m\u00f6chte, der sollte auf meiner Webseite unter dem &#8222;Suche-Button&#8220; unter der Rubrik: -Victoria Fahrr\u00e4der 1900- suchen&#8230;<\/strong><\/em><\/p>\n<p><a href=\"http:\/\/victoria-rad.de\/wp-content\/uploads\/2024\/12\/IMG_20190312_0002-scaled.jpg\"><img loading=\"lazy\" decoding=\"async\" class=\"aligncenter wp-image-17522 size-medium\" src=\"http:\/\/victoria-rad.de\/wp-content\/uploads\/2024\/12\/IMG_20190312_0002-300x102.jpg\" alt=\"\" width=\"300\" height=\"102\" srcset=\"https:\/\/victoria-rad.de\/wp-content\/uploads\/2024\/12\/IMG_20190312_0002-300x102.jpg 300w, https:\/\/victoria-rad.de\/wp-content\/uploads\/2024\/12\/IMG_20190312_0002-1024x347.jpg 1024w, https:\/\/victoria-rad.de\/wp-content\/uploads\/2024\/12\/IMG_20190312_0002-150x51.jpg 150w, https:\/\/victoria-rad.de\/wp-content\/uploads\/2024\/12\/IMG_20190312_0002-768x261.jpg 768w, https:\/\/victoria-rad.de\/wp-content\/uploads\/2024\/12\/IMG_20190312_0002-1536x521.jpg 1536w, https:\/\/victoria-rad.de\/wp-content\/uploads\/2024\/12\/IMG_20190312_0002-2048x695.jpg 2048w\" sizes=\"auto, (max-width: 300px) 100vw, 300px\" \/><\/a><\/p>\n<p>&nbsp;<\/p>\n<p>&nbsp;<\/p>\n<p>&nbsp;<\/p>\n<p>&nbsp;<\/p>\n","protected":false},"excerpt":{"rendered":"<p>Ja, um die Jahrhundert-Wende 1900 waren die R\u00e4der den heutigen Fahrr\u00e4dern schon sehr \u00e4hnlich, mal von den hohen Steuerk\u00f6pfen und weiteren technischen Dingen wie &#8211; Bremsen, Naben, Ketten usw. abgesehen. Bevor ich ein gut erhaltenes Rad von 1901 vorstelle, noch einige Infos aus dem Victoria-Katalog von 1900: Der erste Katalog im neuen Jahrhundert, vorgestellt von &hellip; <a href=\"https:\/\/victoria-rad.de\/?p=17597\" class=\"more-link\"><span class=\"screen-reader-text\">Victoria &#8211; Rad vom Jahr 1901 in guten Zustand entdeckt&#8230;<\/span> weiterlesen<\/a><\/p>\n","protected":false},"author":1,"featured_media":0,"comment_status":"open","ping_status":"open","sticky":false,"template":"","format":"standard","meta":{"footnotes":""},"categories":[1],"tags":[],"class_list":["post-17597","post","type-post","status-publish","format-standard","hentry","category-uncategorized"],"_links":{"self":[{"href":"https:\/\/victoria-rad.de\/index.php?rest_route=\/wp\/v2\/posts\/17597","targetHints":{"allow":["GET"]}}],"collection":[{"href":"https:\/\/victoria-rad.de\/index.php?rest_route=\/wp\/v2\/posts"}],"about":[{"href":"https:\/\/victoria-rad.de\/index.php?rest_route=\/wp\/v2\/types\/post"}],"author":[{"embeddable":true,"href":"https:\/\/victoria-rad.de\/index.php?rest_route=\/wp\/v2\/users\/1"}],"replies":[{"embeddable":true,"href":"https:\/\/victoria-rad.de\/index.php?rest_route=%2Fwp%2Fv2%2Fcomments&post=17597"}],"version-history":[{"count":18,"href":"https:\/\/victoria-rad.de\/index.php?rest_route=\/wp\/v2\/posts\/17597\/revisions"}],"predecessor-version":[{"id":17683,"href":"https:\/\/victoria-rad.de\/index.php?rest_route=\/wp\/v2\/posts\/17597\/revisions\/17683"}],"wp:attachment":[{"href":"https:\/\/victoria-rad.de\/index.php?rest_route=%2Fwp%2Fv2%2Fmedia&parent=17597"}],"wp:term":[{"taxonomy":"category","embeddable":true,"href":"https:\/\/victoria-rad.de\/index.php?rest_route=%2Fwp%2Fv2%2Fcategories&post=17597"},{"taxonomy":"post_tag","embeddable":true,"href":"https:\/\/victoria-rad.de\/index.php?rest_route=%2Fwp%2Fv2%2Ftags&post=17597"}],"curies":[{"name":"wp","href":"https:\/\/api.w.org\/{rel}","templated":true}]}}