{"id":17685,"date":"2025-01-10T10:22:33","date_gmt":"2025-01-10T09:22:33","guid":{"rendered":"https:\/\/victoria-rad.de\/?p=17685"},"modified":"2025-01-10T10:22:33","modified_gmt":"2025-01-10T09:22:33","slug":"victoria-motorrad-kr8-einige-modelle","status":"publish","type":"post","link":"https:\/\/victoria-rad.de\/?p=17685","title":{"rendered":"Victoria &#8211; Motorrad KR8 &#8211; einige Modelle&#8230;"},"content":{"rendered":"<h3 align=\"JUSTIFY\"><\/h3>\n<h3 style=\"text-align: center;\" align=\"JUSTIFY\"><b>Victoria Neuheit der Drei\u00dfiger Jahre &#8211; KR8&#8230;\u00a0<\/b><\/h3>\n<p>Mit dem neuen Modell des Motorrades KR8 hat Victoria 1933 ein v\u00f6llig \u00fcberarbeitetes Konzept einer Motorradlinie begonnen. F\u00fcr den ersten Eindruck ergibt sich dem Betrachter eine Maschine, die Ihrer Zeit voraus ist. Victoria hat es immer verstanden, Motorr\u00e4der zu entwickeln und zu bauen, welche faszinierend waren und der Konkurrenz gegen\u00fcber meist einen Schritt voraus. Nach der Machtergreifung durch die Nationalsozialisten in Deutschland war man gezwungen neue Motoren zu konzipieren, da es ja Einfuhrverbote f\u00fcr ausl\u00e4ndische Fabrikate gab, speziell die englischen Motoren, die man zum Teil verwendete. Die Kosten f\u00fcr die Motorisierung musste man ja auch im Auge behalten und man ging dabei sukzessive auf geringere Hubr\u00e4ume zur\u00fcck. Dieser Trend verst\u00e4rkte sich aus wirtschaftlichen Gr\u00fcnden weiter in den folgenden Jahren. In den n\u00e4chsten Kapiteln werden diese Modelle ausf\u00fchrlich betrachtet.<\/p>\n<p>Mit Martin Stolle wurde ein Konstrukteur der Pionierzeit, der Zwanziger Jahre, auf den Plan gerufen, das neue Motorrad zu konzipieren. Das Motorrad kann man als durchaus gelungen bezeichnen, da es ja rein optisch alles bereits dagewesene in den Schatten stellt. Das Hauptaugenmerk liegt zweifelsohne auf den seitlich angebrachten Verkleidungsblechen, die der Maschine ein sehr elegantes Design verschaffen. Weiter Merkmale waren die Kette\/ Ketten \u2013 Kapselung, die Tigerfedergabel aus Pressstahl und der neue Motor.<\/p>\n<p style=\"text-align: center;\"><a href=\"http:\/\/victoria-rad.de\/wp-content\/uploads\/2025\/01\/Image00063.jpg\"><img loading=\"lazy\" decoding=\"async\" class=\"aligncenter wp-image-17687 size-medium\" src=\"http:\/\/victoria-rad.de\/wp-content\/uploads\/2025\/01\/Image00063-300x225.jpg\" alt=\"\" width=\"300\" height=\"225\" srcset=\"https:\/\/victoria-rad.de\/wp-content\/uploads\/2025\/01\/Image00063-300x225.jpg 300w, https:\/\/victoria-rad.de\/wp-content\/uploads\/2025\/01\/Image00063-1024x767.jpg 1024w, https:\/\/victoria-rad.de\/wp-content\/uploads\/2025\/01\/Image00063-150x112.jpg 150w, https:\/\/victoria-rad.de\/wp-content\/uploads\/2025\/01\/Image00063-768x575.jpg 768w, https:\/\/victoria-rad.de\/wp-content\/uploads\/2025\/01\/Image00063.jpg 1427w\" sizes=\"auto, (max-width: 300px) 100vw, 300px\" \/><\/a>Der erste Victoria-KR8 Motor in seitengesteuerter Ausf\u00fchrung&#8230;<\/p>\n<p style=\"text-align: center;\"><a href=\"http:\/\/victoria-rad.de\/wp-content\/uploads\/2025\/01\/KR-8.png\"><img loading=\"lazy\" decoding=\"async\" class=\"aligncenter wp-image-17689 size-medium\" src=\"http:\/\/victoria-rad.de\/wp-content\/uploads\/2025\/01\/KR-8-300x159.png\" alt=\"\" width=\"300\" height=\"159\" srcset=\"https:\/\/victoria-rad.de\/wp-content\/uploads\/2025\/01\/KR-8-300x159.png 300w, https:\/\/victoria-rad.de\/wp-content\/uploads\/2025\/01\/KR-8-1024x542.png 1024w, https:\/\/victoria-rad.de\/wp-content\/uploads\/2025\/01\/KR-8-150x79.png 150w, https:\/\/victoria-rad.de\/wp-content\/uploads\/2025\/01\/KR-8-768x407.png 768w, https:\/\/victoria-rad.de\/wp-content\/uploads\/2025\/01\/KR-8-1536x813.png 1536w, https:\/\/victoria-rad.de\/wp-content\/uploads\/2025\/01\/KR-8.png 1700w\" sizes=\"auto, (max-width: 300px) 100vw, 300px\" \/><\/a>Tolle neue Motorrad-Linie mit den markanten Seitenblechen&#8230;<\/p>\n<p><strong>Im Anschluss eine Victoria KR8 von einem befreundeten Sammler:<\/strong><\/p>\n<p>&nbsp;<\/p>\n<p><a href=\"http:\/\/victoria-rad.de\/wp-content\/uploads\/2025\/01\/073-scaled.jpg\"><img loading=\"lazy\" decoding=\"async\" class=\"aligncenter wp-image-17726 size-medium\" src=\"http:\/\/victoria-rad.de\/wp-content\/uploads\/2025\/01\/073-300x225.jpg\" alt=\"\" width=\"300\" height=\"225\" srcset=\"https:\/\/victoria-rad.de\/wp-content\/uploads\/2025\/01\/073-300x225.jpg 300w, https:\/\/victoria-rad.de\/wp-content\/uploads\/2025\/01\/073-1024x768.jpg 1024w, https:\/\/victoria-rad.de\/wp-content\/uploads\/2025\/01\/073-150x113.jpg 150w, https:\/\/victoria-rad.de\/wp-content\/uploads\/2025\/01\/073-768x576.jpg 768w, https:\/\/victoria-rad.de\/wp-content\/uploads\/2025\/01\/073-1536x1152.jpg 1536w, https:\/\/victoria-rad.de\/wp-content\/uploads\/2025\/01\/073-2048x1536.jpg 2048w\" sizes=\"auto, (max-width: 300px) 100vw, 300px\" \/><\/a><\/p>\n<p><a href=\"http:\/\/victoria-rad.de\/wp-content\/uploads\/2025\/01\/046-scaled.jpg\"><img loading=\"lazy\" decoding=\"async\" class=\"aligncenter wp-image-17727 size-medium\" src=\"http:\/\/victoria-rad.de\/wp-content\/uploads\/2025\/01\/046-300x225.jpg\" alt=\"\" width=\"300\" height=\"225\" srcset=\"https:\/\/victoria-rad.de\/wp-content\/uploads\/2025\/01\/046-300x225.jpg 300w, https:\/\/victoria-rad.de\/wp-content\/uploads\/2025\/01\/046-1024x768.jpg 1024w, https:\/\/victoria-rad.de\/wp-content\/uploads\/2025\/01\/046-150x113.jpg 150w, https:\/\/victoria-rad.de\/wp-content\/uploads\/2025\/01\/046-768x576.jpg 768w, https:\/\/victoria-rad.de\/wp-content\/uploads\/2025\/01\/046-1536x1152.jpg 1536w, https:\/\/victoria-rad.de\/wp-content\/uploads\/2025\/01\/046-2048x1536.jpg 2048w\" sizes=\"auto, (max-width: 300px) 100vw, 300px\" \/><\/a><\/p>\n<p><a href=\"http:\/\/victoria-rad.de\/wp-content\/uploads\/2025\/01\/IMG-20241031-WA0009-300x225.jpg\"><img loading=\"lazy\" decoding=\"async\" class=\"aligncenter\" src=\"http:\/\/victoria-rad.de\/wp-content\/uploads\/2025\/01\/IMG-20241031-WA0009-300x225.jpg\" alt=\"\" width=\"300\" height=\"225\" \/><\/a><\/p>\n<div style=\"width: 660px;\" class=\"wp-video\"><video class=\"wp-video-shortcode\" id=\"video-17685-1\" width=\"660\" height=\"371\" preload=\"metadata\" controls=\"controls\"><source type=\"video\/mp4\" src=\"http:\/\/victoria-rad.de\/wp-content\/uploads\/2025\/01\/Victoria-KR8-Thomas.mp4?_=1\" \/><a href=\"http:\/\/victoria-rad.de\/wp-content\/uploads\/2025\/01\/Victoria-KR8-Thomas.mp4\">http:\/\/victoria-rad.de\/wp-content\/uploads\/2025\/01\/Victoria-KR8-Thomas.mp4<\/a><\/video><\/div>\n<p><a href=\"http:\/\/victoria-rad.de\/wp-content\/uploads\/2025\/01\/KR8-scaled.jpg\"><img loading=\"lazy\" decoding=\"async\" class=\"aligncenter wp-image-17693 size-medium\" src=\"http:\/\/victoria-rad.de\/wp-content\/uploads\/2025\/01\/KR8-204x300.jpg\" alt=\"\" width=\"204\" height=\"300\" srcset=\"https:\/\/victoria-rad.de\/wp-content\/uploads\/2025\/01\/KR8-204x300.jpg 204w, https:\/\/victoria-rad.de\/wp-content\/uploads\/2025\/01\/KR8-698x1024.jpg 698w, https:\/\/victoria-rad.de\/wp-content\/uploads\/2025\/01\/KR8-102x150.jpg 102w, https:\/\/victoria-rad.de\/wp-content\/uploads\/2025\/01\/KR8-768x1127.jpg 768w, https:\/\/victoria-rad.de\/wp-content\/uploads\/2025\/01\/KR8-1046x1536.jpg 1046w, https:\/\/victoria-rad.de\/wp-content\/uploads\/2025\/01\/KR8-1395x2048.jpg 1395w, https:\/\/victoria-rad.de\/wp-content\/uploads\/2025\/01\/KR8-scaled.jpg 1744w\" sizes=\"auto, (max-width: 204px) 100vw, 204px\" \/><\/a><\/p>\n<p><strong>Bei der n\u00e4chsten Victoria KR8, welche sich im besten originalen Zustand befindet, sind auch noch wesentliche Details vorhanden, die meistens fehlen:<\/strong><\/p>\n<p style=\"text-align: center;\"><a href=\"http:\/\/victoria-rad.de\/wp-content\/uploads\/2025\/01\/20190722_141303-2.jpg\"><img loading=\"lazy\" decoding=\"async\" class=\"aligncenter wp-image-17694 size-medium\" src=\"http:\/\/victoria-rad.de\/wp-content\/uploads\/2025\/01\/20190722_141303-2-300x182.jpg\" alt=\"\" width=\"300\" height=\"182\" srcset=\"https:\/\/victoria-rad.de\/wp-content\/uploads\/2025\/01\/20190722_141303-2-300x182.jpg 300w, https:\/\/victoria-rad.de\/wp-content\/uploads\/2025\/01\/20190722_141303-2-150x91.jpg 150w, https:\/\/victoria-rad.de\/wp-content\/uploads\/2025\/01\/20190722_141303-2-768x467.jpg 768w, https:\/\/victoria-rad.de\/wp-content\/uploads\/2025\/01\/20190722_141303-2.jpg 800w\" sizes=\"auto, (max-width: 300px) 100vw, 300px\" \/><\/a>Abgebildet vor der bekannten G\u00f6ltzschtalbr\u00fccke im Vogtland&#8230;<\/p>\n<p><a href=\"http:\/\/victoria-rad.de\/wp-content\/uploads\/2025\/01\/20191129_140117.jpg\"><img loading=\"lazy\" decoding=\"async\" class=\"aligncenter wp-image-17695 size-medium\" src=\"http:\/\/victoria-rad.de\/wp-content\/uploads\/2025\/01\/20191129_140117-300x169.jpg\" alt=\"\" width=\"300\" height=\"169\" srcset=\"https:\/\/victoria-rad.de\/wp-content\/uploads\/2025\/01\/20191129_140117-300x169.jpg 300w, https:\/\/victoria-rad.de\/wp-content\/uploads\/2025\/01\/20191129_140117-150x84.jpg 150w, https:\/\/victoria-rad.de\/wp-content\/uploads\/2025\/01\/20191129_140117-768x432.jpg 768w, https:\/\/victoria-rad.de\/wp-content\/uploads\/2025\/01\/20191129_140117.jpg 800w\" sizes=\"auto, (max-width: 300px) 100vw, 300px\" \/><\/a><a href=\"http:\/\/victoria-rad.de\/wp-content\/uploads\/2025\/01\/20191129_140156.jpg\"><img loading=\"lazy\" decoding=\"async\" class=\"aligncenter wp-image-17696 size-medium\" src=\"http:\/\/victoria-rad.de\/wp-content\/uploads\/2025\/01\/20191129_140156-300x169.jpg\" alt=\"\" width=\"300\" height=\"169\" srcset=\"https:\/\/victoria-rad.de\/wp-content\/uploads\/2025\/01\/20191129_140156-300x169.jpg 300w, https:\/\/victoria-rad.de\/wp-content\/uploads\/2025\/01\/20191129_140156-150x84.jpg 150w, https:\/\/victoria-rad.de\/wp-content\/uploads\/2025\/01\/20191129_140156-768x432.jpg 768w, https:\/\/victoria-rad.de\/wp-content\/uploads\/2025\/01\/20191129_140156.jpg 800w\" sizes=\"auto, (max-width: 300px) 100vw, 300px\" \/><\/a><\/p>\n<p>Folgende wichtige Details, die immer fehlen, werden vorgestellt:<\/p>\n<p style=\"text-align: center;\"><a href=\"http:\/\/victoria-rad.de\/wp-content\/uploads\/2025\/01\/Image00010.jpg\"><img loading=\"lazy\" decoding=\"async\" class=\"aligncenter wp-image-17697 size-medium\" src=\"http:\/\/victoria-rad.de\/wp-content\/uploads\/2025\/01\/Image00010-240x300.jpg\" alt=\"\" width=\"240\" height=\"300\" srcset=\"https:\/\/victoria-rad.de\/wp-content\/uploads\/2025\/01\/Image00010-240x300.jpg 240w, https:\/\/victoria-rad.de\/wp-content\/uploads\/2025\/01\/Image00010-120x150.jpg 120w, https:\/\/victoria-rad.de\/wp-content\/uploads\/2025\/01\/Image00010-768x962.jpg 768w, https:\/\/victoria-rad.de\/wp-content\/uploads\/2025\/01\/Image00010.jpg 800w\" sizes=\"auto, (max-width: 240px) 100vw, 240px\" \/><\/a>Links &#8211; der Benzintupfer; rechts &#8211; die Benzinhahn-Bet\u00e4tigung&#8230;<\/p>\n<p style=\"text-align: center;\"><a href=\"http:\/\/victoria-rad.de\/wp-content\/uploads\/2025\/01\/Image00011.jpg\"><img loading=\"lazy\" decoding=\"async\" class=\"aligncenter wp-image-17698 size-medium\" src=\"http:\/\/victoria-rad.de\/wp-content\/uploads\/2025\/01\/Image00011-267x300.jpg\" alt=\"\" width=\"267\" height=\"300\" srcset=\"https:\/\/victoria-rad.de\/wp-content\/uploads\/2025\/01\/Image00011-267x300.jpg 267w, https:\/\/victoria-rad.de\/wp-content\/uploads\/2025\/01\/Image00011-134x150.jpg 134w, https:\/\/victoria-rad.de\/wp-content\/uploads\/2025\/01\/Image00011.jpg 600w\" sizes=\"auto, (max-width: 267px) 100vw, 267px\" \/><\/a>Am hinteren Abdeckblech befinden sich die Armaturen&#8230;<\/p>\n<p style=\"text-align: center;\"><a href=\"http:\/\/victoria-rad.de\/wp-content\/uploads\/2025\/01\/234.1.jpg\"><img loading=\"lazy\" decoding=\"async\" class=\"aligncenter wp-image-17699 size-medium\" src=\"http:\/\/victoria-rad.de\/wp-content\/uploads\/2025\/01\/234.1-300x139.jpg\" alt=\"\" width=\"300\" height=\"139\" srcset=\"https:\/\/victoria-rad.de\/wp-content\/uploads\/2025\/01\/234.1-300x139.jpg 300w, https:\/\/victoria-rad.de\/wp-content\/uploads\/2025\/01\/234.1-150x69.jpg 150w, https:\/\/victoria-rad.de\/wp-content\/uploads\/2025\/01\/234.1-768x355.jpg 768w, https:\/\/victoria-rad.de\/wp-content\/uploads\/2025\/01\/234.1.jpg 800w\" sizes=\"auto, (max-width: 300px) 100vw, 300px\" \/><\/a>Der Benzintupfer mit Welle zum Vergaser&#8230;<\/p>\n<p style=\"text-align: center;\"><a href=\"http:\/\/victoria-rad.de\/wp-content\/uploads\/2025\/01\/230.jpg\"><img loading=\"lazy\" decoding=\"async\" class=\"aligncenter wp-image-17700 size-medium\" src=\"http:\/\/victoria-rad.de\/wp-content\/uploads\/2025\/01\/230-300x300.jpg\" alt=\"\" width=\"300\" height=\"300\" srcset=\"https:\/\/victoria-rad.de\/wp-content\/uploads\/2025\/01\/230-300x300.jpg 300w, https:\/\/victoria-rad.de\/wp-content\/uploads\/2025\/01\/230-150x150.jpg 150w, https:\/\/victoria-rad.de\/wp-content\/uploads\/2025\/01\/230-768x768.jpg 768w, https:\/\/victoria-rad.de\/wp-content\/uploads\/2025\/01\/230.jpg 800w\" sizes=\"auto, (max-width: 300px) 100vw, 300px\" \/><\/a>Der Tupfer auf dem Seitenblech&#8230;<\/p>\n<p style=\"text-align: center;\"><a href=\"http:\/\/victoria-rad.de\/wp-content\/uploads\/2025\/01\/20190603_133245-scaled.jpg\"><img loading=\"lazy\" decoding=\"async\" class=\"aligncenter wp-image-17701 size-medium\" src=\"http:\/\/victoria-rad.de\/wp-content\/uploads\/2025\/01\/20190603_133245-300x169.jpg\" alt=\"\" width=\"300\" height=\"169\" srcset=\"https:\/\/victoria-rad.de\/wp-content\/uploads\/2025\/01\/20190603_133245-300x169.jpg 300w, https:\/\/victoria-rad.de\/wp-content\/uploads\/2025\/01\/20190603_133245-1024x576.jpg 1024w, https:\/\/victoria-rad.de\/wp-content\/uploads\/2025\/01\/20190603_133245-150x84.jpg 150w, https:\/\/victoria-rad.de\/wp-content\/uploads\/2025\/01\/20190603_133245-768x432.jpg 768w, https:\/\/victoria-rad.de\/wp-content\/uploads\/2025\/01\/20190603_133245-1536x864.jpg 1536w, https:\/\/victoria-rad.de\/wp-content\/uploads\/2025\/01\/20190603_133245-2048x1152.jpg 2048w\" sizes=\"auto, (max-width: 300px) 100vw, 300px\" \/><\/a>Verbindungswelle Bet\u00e4tigungshebel zum Vergaser&#8230;<\/p>\n<p style=\"text-align: center;\"><a href=\"http:\/\/victoria-rad.de\/wp-content\/uploads\/2025\/01\/239-2.jpg\"><img loading=\"lazy\" decoding=\"async\" class=\"aligncenter wp-image-17702 size-medium\" src=\"http:\/\/victoria-rad.de\/wp-content\/uploads\/2025\/01\/239-2-300x284.jpg\" alt=\"\" width=\"300\" height=\"284\" srcset=\"https:\/\/victoria-rad.de\/wp-content\/uploads\/2025\/01\/239-2-300x284.jpg 300w, https:\/\/victoria-rad.de\/wp-content\/uploads\/2025\/01\/239-2-150x142.jpg 150w, https:\/\/victoria-rad.de\/wp-content\/uploads\/2025\/01\/239-2-768x727.jpg 768w, https:\/\/victoria-rad.de\/wp-content\/uploads\/2025\/01\/239-2.jpg 800w\" sizes=\"auto, (max-width: 300px) 100vw, 300px\" \/><\/a>Bet\u00e4tigungshebel mit 3 Stellungen&#8230;<\/p>\n<p><strong>Noch ein Video mit der originalen Victoria KR8:<\/strong><\/p>\n<div style=\"width: 660px;\" class=\"wp-video\"><video class=\"wp-video-shortcode\" id=\"video-17685-2\" width=\"660\" height=\"371\" preload=\"metadata\" controls=\"controls\"><source type=\"video\/mp4\" src=\"http:\/\/victoria-rad.de\/wp-content\/uploads\/2025\/01\/KR8-Video.mp4?_=2\" \/><a href=\"http:\/\/victoria-rad.de\/wp-content\/uploads\/2025\/01\/KR8-Video.mp4\">http:\/\/victoria-rad.de\/wp-content\/uploads\/2025\/01\/KR8-Video.mp4<\/a><\/video><\/div>\n<p style=\"text-align: left;\"><strong>Weitere Aufnahmen Mit Victoria KR8 Motorr\u00e4dern:<\/strong><\/p>\n<p style=\"text-align: center;\"><strong><a href=\"http:\/\/victoria-rad.de\/wp-content\/uploads\/2025\/01\/715.jpg\"><img loading=\"lazy\" decoding=\"async\" class=\"aligncenter wp-image-17708 size-medium\" src=\"http:\/\/victoria-rad.de\/wp-content\/uploads\/2025\/01\/715-300x225.jpg\" alt=\"\" width=\"300\" height=\"225\" srcset=\"https:\/\/victoria-rad.de\/wp-content\/uploads\/2025\/01\/715-300x225.jpg 300w, https:\/\/victoria-rad.de\/wp-content\/uploads\/2025\/01\/715-1024x768.jpg 1024w, https:\/\/victoria-rad.de\/wp-content\/uploads\/2025\/01\/715-150x113.jpg 150w, https:\/\/victoria-rad.de\/wp-content\/uploads\/2025\/01\/715-768x576.jpg 768w, https:\/\/victoria-rad.de\/wp-content\/uploads\/2025\/01\/715-1536x1152.jpg 1536w, https:\/\/victoria-rad.de\/wp-content\/uploads\/2025\/01\/715-2048x1536.jpg 2048w\" sizes=\"auto, (max-width: 300px) 100vw, 300px\" \/><\/a><\/strong><\/p>\n<p><a href=\"http:\/\/victoria-rad.de\/wp-content\/uploads\/2025\/01\/20160805_120036-scaled.jpg\"><img loading=\"lazy\" decoding=\"async\" class=\"aligncenter wp-image-17709 size-medium\" src=\"http:\/\/victoria-rad.de\/wp-content\/uploads\/2025\/01\/20160805_120036-300x169.jpg\" alt=\"\" width=\"300\" height=\"169\" srcset=\"https:\/\/victoria-rad.de\/wp-content\/uploads\/2025\/01\/20160805_120036-300x169.jpg 300w, https:\/\/victoria-rad.de\/wp-content\/uploads\/2025\/01\/20160805_120036-1024x576.jpg 1024w, https:\/\/victoria-rad.de\/wp-content\/uploads\/2025\/01\/20160805_120036-150x84.jpg 150w, https:\/\/victoria-rad.de\/wp-content\/uploads\/2025\/01\/20160805_120036-768x432.jpg 768w, https:\/\/victoria-rad.de\/wp-content\/uploads\/2025\/01\/20160805_120036-1536x864.jpg 1536w, https:\/\/victoria-rad.de\/wp-content\/uploads\/2025\/01\/20160805_120036-2048x1152.jpg 2048w\" sizes=\"auto, (max-width: 300px) 100vw, 300px\" \/><\/a><a href=\"http:\/\/victoria-rad.de\/wp-content\/uploads\/2025\/01\/20160805_115849_001-scaled.jpg\"><img loading=\"lazy\" decoding=\"async\" class=\"aligncenter wp-image-17710 size-medium\" src=\"http:\/\/victoria-rad.de\/wp-content\/uploads\/2025\/01\/20160805_115849_001-300x169.jpg\" alt=\"\" width=\"300\" height=\"169\" srcset=\"https:\/\/victoria-rad.de\/wp-content\/uploads\/2025\/01\/20160805_115849_001-300x169.jpg 300w, https:\/\/victoria-rad.de\/wp-content\/uploads\/2025\/01\/20160805_115849_001-1024x576.jpg 1024w, https:\/\/victoria-rad.de\/wp-content\/uploads\/2025\/01\/20160805_115849_001-150x84.jpg 150w, https:\/\/victoria-rad.de\/wp-content\/uploads\/2025\/01\/20160805_115849_001-768x432.jpg 768w, https:\/\/victoria-rad.de\/wp-content\/uploads\/2025\/01\/20160805_115849_001-1536x864.jpg 1536w, https:\/\/victoria-rad.de\/wp-content\/uploads\/2025\/01\/20160805_115849_001-2048x1152.jpg 2048w\" sizes=\"auto, (max-width: 300px) 100vw, 300px\" \/><\/a><\/p>\n<p><a href=\"http:\/\/victoria-rad.de\/wp-content\/uploads\/2025\/01\/Bild-18.png\"><img loading=\"lazy\" decoding=\"async\" class=\"aligncenter wp-image-17713 size-medium\" src=\"http:\/\/victoria-rad.de\/wp-content\/uploads\/2025\/01\/Bild-18-300x200.png\" alt=\"\" width=\"300\" height=\"200\" srcset=\"https:\/\/victoria-rad.de\/wp-content\/uploads\/2025\/01\/Bild-18-300x200.png 300w, https:\/\/victoria-rad.de\/wp-content\/uploads\/2025\/01\/Bild-18-1024x682.png 1024w, https:\/\/victoria-rad.de\/wp-content\/uploads\/2025\/01\/Bild-18-150x100.png 150w, https:\/\/victoria-rad.de\/wp-content\/uploads\/2025\/01\/Bild-18-768x511.png 768w, https:\/\/victoria-rad.de\/wp-content\/uploads\/2025\/01\/Bild-18-1536x1023.png 1536w, https:\/\/victoria-rad.de\/wp-content\/uploads\/2025\/01\/Bild-18-2048x1364.png 2048w\" sizes=\"auto, (max-width: 300px) 100vw, 300px\" \/><\/a><\/p>\n<p><a href=\"http:\/\/victoria-rad.de\/wp-content\/uploads\/2025\/01\/DSC_3972-scaled.jpg\"><img loading=\"lazy\" decoding=\"async\" class=\"aligncenter wp-image-17711 size-medium\" src=\"http:\/\/victoria-rad.de\/wp-content\/uploads\/2025\/01\/DSC_3972-300x199.jpg\" alt=\"\" width=\"300\" height=\"199\" srcset=\"https:\/\/victoria-rad.de\/wp-content\/uploads\/2025\/01\/DSC_3972-300x199.jpg 300w, https:\/\/victoria-rad.de\/wp-content\/uploads\/2025\/01\/DSC_3972-1024x681.jpg 1024w, https:\/\/victoria-rad.de\/wp-content\/uploads\/2025\/01\/DSC_3972-150x100.jpg 150w, https:\/\/victoria-rad.de\/wp-content\/uploads\/2025\/01\/DSC_3972-768x511.jpg 768w, https:\/\/victoria-rad.de\/wp-content\/uploads\/2025\/01\/DSC_3972-1536x1021.jpg 1536w, https:\/\/victoria-rad.de\/wp-content\/uploads\/2025\/01\/DSC_3972-2048x1362.jpg 2048w\" sizes=\"auto, (max-width: 300px) 100vw, 300px\" \/><\/a><\/p>\n<p><strong>Historische Aufnahmen von Victoria KR8 &#8211; Motorr\u00e4dern:<\/strong><\/p>\n<p><a href=\"http:\/\/victoria-rad.de\/wp-content\/uploads\/2025\/01\/IMG_20141122_0070-1.jpg\"><img loading=\"lazy\" decoding=\"async\" class=\"aligncenter wp-image-17716 size-medium\" src=\"http:\/\/victoria-rad.de\/wp-content\/uploads\/2025\/01\/IMG_20141122_0070-1-300x206.jpg\" alt=\"\" width=\"300\" height=\"206\" srcset=\"https:\/\/victoria-rad.de\/wp-content\/uploads\/2025\/01\/IMG_20141122_0070-1-300x206.jpg 300w, https:\/\/victoria-rad.de\/wp-content\/uploads\/2025\/01\/IMG_20141122_0070-1-1024x705.jpg 1024w, https:\/\/victoria-rad.de\/wp-content\/uploads\/2025\/01\/IMG_20141122_0070-1-150x103.jpg 150w, https:\/\/victoria-rad.de\/wp-content\/uploads\/2025\/01\/IMG_20141122_0070-1-768x529.jpg 768w, https:\/\/victoria-rad.de\/wp-content\/uploads\/2025\/01\/IMG_20141122_0070-1-1536x1057.jpg 1536w, https:\/\/victoria-rad.de\/wp-content\/uploads\/2025\/01\/IMG_20141122_0070-1.jpg 1934w\" sizes=\"auto, (max-width: 300px) 100vw, 300px\" \/><\/a><\/p>\n<p><a href=\"http:\/\/victoria-rad.de\/wp-content\/uploads\/2025\/01\/IMG_20141122_0071.jpg\"><img loading=\"lazy\" decoding=\"async\" class=\"aligncenter wp-image-17717 size-medium\" src=\"http:\/\/victoria-rad.de\/wp-content\/uploads\/2025\/01\/IMG_20141122_0071-300x201.jpg\" alt=\"\" width=\"300\" height=\"201\" srcset=\"https:\/\/victoria-rad.de\/wp-content\/uploads\/2025\/01\/IMG_20141122_0071-300x201.jpg 300w, https:\/\/victoria-rad.de\/wp-content\/uploads\/2025\/01\/IMG_20141122_0071-1024x686.jpg 1024w, https:\/\/victoria-rad.de\/wp-content\/uploads\/2025\/01\/IMG_20141122_0071-150x100.jpg 150w, https:\/\/victoria-rad.de\/wp-content\/uploads\/2025\/01\/IMG_20141122_0071-768x514.jpg 768w, https:\/\/victoria-rad.de\/wp-content\/uploads\/2025\/01\/IMG_20141122_0071-1536x1028.jpg 1536w, https:\/\/victoria-rad.de\/wp-content\/uploads\/2025\/01\/IMG_20141122_0071-2048x1371.jpg 2048w\" sizes=\"auto, (max-width: 300px) 100vw, 300px\" \/><\/a><\/p>\n<p><a href=\"http:\/\/victoria-rad.de\/wp-content\/uploads\/2025\/01\/IMG_20141122_0072.jpg\"><img loading=\"lazy\" decoding=\"async\" class=\"aligncenter wp-image-17718 size-medium\" src=\"http:\/\/victoria-rad.de\/wp-content\/uploads\/2025\/01\/IMG_20141122_0072-300x181.jpg\" alt=\"\" width=\"300\" height=\"181\" srcset=\"https:\/\/victoria-rad.de\/wp-content\/uploads\/2025\/01\/IMG_20141122_0072-300x181.jpg 300w, https:\/\/victoria-rad.de\/wp-content\/uploads\/2025\/01\/IMG_20141122_0072-1024x618.jpg 1024w, https:\/\/victoria-rad.de\/wp-content\/uploads\/2025\/01\/IMG_20141122_0072-150x91.jpg 150w, https:\/\/victoria-rad.de\/wp-content\/uploads\/2025\/01\/IMG_20141122_0072-768x464.jpg 768w, https:\/\/victoria-rad.de\/wp-content\/uploads\/2025\/01\/IMG_20141122_0072-1536x928.jpg 1536w, https:\/\/victoria-rad.de\/wp-content\/uploads\/2025\/01\/IMG_20141122_0072.jpg 1949w\" sizes=\"auto, (max-width: 300px) 100vw, 300px\" \/><\/a><\/p>\n<p><a href=\"http:\/\/victoria-rad.de\/wp-content\/uploads\/2025\/01\/IMG_20141122_0085.jpg\"><img loading=\"lazy\" decoding=\"async\" class=\"aligncenter wp-image-17719 size-medium\" src=\"http:\/\/victoria-rad.de\/wp-content\/uploads\/2025\/01\/IMG_20141122_0085-300x211.jpg\" alt=\"\" width=\"300\" height=\"211\" srcset=\"https:\/\/victoria-rad.de\/wp-content\/uploads\/2025\/01\/IMG_20141122_0085-300x211.jpg 300w, https:\/\/victoria-rad.de\/wp-content\/uploads\/2025\/01\/IMG_20141122_0085-1024x720.jpg 1024w, https:\/\/victoria-rad.de\/wp-content\/uploads\/2025\/01\/IMG_20141122_0085-150x106.jpg 150w, https:\/\/victoria-rad.de\/wp-content\/uploads\/2025\/01\/IMG_20141122_0085-768x540.jpg 768w, https:\/\/victoria-rad.de\/wp-content\/uploads\/2025\/01\/IMG_20141122_0085-1536x1081.jpg 1536w, https:\/\/victoria-rad.de\/wp-content\/uploads\/2025\/01\/IMG_20141122_0085.jpg 1960w\" sizes=\"auto, (max-width: 300px) 100vw, 300px\" \/><\/a><\/p>\n<p><a href=\"http:\/\/victoria-rad.de\/wp-content\/uploads\/2025\/01\/IMG_20141127_0006.jpg\"><img loading=\"lazy\" decoding=\"async\" class=\"aligncenter wp-image-17720 size-medium\" src=\"http:\/\/victoria-rad.de\/wp-content\/uploads\/2025\/01\/IMG_20141127_0006-300x197.jpg\" alt=\"\" width=\"300\" height=\"197\" srcset=\"https:\/\/victoria-rad.de\/wp-content\/uploads\/2025\/01\/IMG_20141127_0006-300x197.jpg 300w, https:\/\/victoria-rad.de\/wp-content\/uploads\/2025\/01\/IMG_20141127_0006-1024x672.jpg 1024w, https:\/\/victoria-rad.de\/wp-content\/uploads\/2025\/01\/IMG_20141127_0006-150x99.jpg 150w, https:\/\/victoria-rad.de\/wp-content\/uploads\/2025\/01\/IMG_20141127_0006-768x504.jpg 768w, https:\/\/victoria-rad.de\/wp-content\/uploads\/2025\/01\/IMG_20141127_0006-1536x1009.jpg 1536w, https:\/\/victoria-rad.de\/wp-content\/uploads\/2025\/01\/IMG_20141127_0006.jpg 1943w\" sizes=\"auto, (max-width: 300px) 100vw, 300px\" \/><\/a><\/p>\n<p><a href=\"http:\/\/victoria-rad.de\/wp-content\/uploads\/2025\/01\/IMG_20141128_0103.jpg\"><img loading=\"lazy\" decoding=\"async\" class=\"aligncenter wp-image-17721 size-medium\" src=\"http:\/\/victoria-rad.de\/wp-content\/uploads\/2025\/01\/IMG_20141128_0103-300x209.jpg\" alt=\"\" width=\"300\" height=\"209\" srcset=\"https:\/\/victoria-rad.de\/wp-content\/uploads\/2025\/01\/IMG_20141128_0103-300x209.jpg 300w, https:\/\/victoria-rad.de\/wp-content\/uploads\/2025\/01\/IMG_20141128_0103-1024x715.jpg 1024w, https:\/\/victoria-rad.de\/wp-content\/uploads\/2025\/01\/IMG_20141128_0103-150x105.jpg 150w, https:\/\/victoria-rad.de\/wp-content\/uploads\/2025\/01\/IMG_20141128_0103-768x536.jpg 768w, https:\/\/victoria-rad.de\/wp-content\/uploads\/2025\/01\/IMG_20141128_0103-1536x1072.jpg 1536w, https:\/\/victoria-rad.de\/wp-content\/uploads\/2025\/01\/IMG_20141128_0103.jpg 1787w\" sizes=\"auto, (max-width: 300px) 100vw, 300px\" \/><\/a><\/p>\n<p><a href=\"http:\/\/victoria-rad.de\/wp-content\/uploads\/2025\/01\/Drad.png\"><img loading=\"lazy\" decoding=\"async\" class=\"aligncenter wp-image-17722 size-medium\" src=\"http:\/\/victoria-rad.de\/wp-content\/uploads\/2025\/01\/Drad-300x203.png\" alt=\"\" width=\"300\" height=\"203\" srcset=\"https:\/\/victoria-rad.de\/wp-content\/uploads\/2025\/01\/Drad-300x203.png 300w, https:\/\/victoria-rad.de\/wp-content\/uploads\/2025\/01\/Drad-1024x691.png 1024w, https:\/\/victoria-rad.de\/wp-content\/uploads\/2025\/01\/Drad-150x101.png 150w, https:\/\/victoria-rad.de\/wp-content\/uploads\/2025\/01\/Drad-768x518.png 768w, https:\/\/victoria-rad.de\/wp-content\/uploads\/2025\/01\/Drad.png 1200w\" sizes=\"auto, (max-width: 300px) 100vw, 300px\" \/><\/a><\/p>\n<p><strong>Zum Abschluss noch 2 Aufnahmen mit Victoria KR8 und dem Nachfolge-Modell Victoria KR9:<\/strong><\/p>\n<p><a href=\"http:\/\/victoria-rad.de\/wp-content\/uploads\/2025\/01\/Motorrad-verschiedene-Bilder-057.jpg\"><img loading=\"lazy\" decoding=\"async\" class=\"aligncenter wp-image-17723 size-medium\" src=\"http:\/\/victoria-rad.de\/wp-content\/uploads\/2025\/01\/Motorrad-verschiedene-Bilder-057-300x285.jpg\" alt=\"\" width=\"300\" height=\"285\" srcset=\"https:\/\/victoria-rad.de\/wp-content\/uploads\/2025\/01\/Motorrad-verschiedene-Bilder-057-300x285.jpg 300w, https:\/\/victoria-rad.de\/wp-content\/uploads\/2025\/01\/Motorrad-verschiedene-Bilder-057-150x142.jpg 150w, https:\/\/victoria-rad.de\/wp-content\/uploads\/2025\/01\/Motorrad-verschiedene-Bilder-057-768x729.jpg 768w, https:\/\/victoria-rad.de\/wp-content\/uploads\/2025\/01\/Motorrad-verschiedene-Bilder-057.jpg 819w\" sizes=\"auto, (max-width: 300px) 100vw, 300px\" \/><\/a><\/p>\n<p><a href=\"http:\/\/victoria-rad.de\/wp-content\/uploads\/2025\/01\/20220704_211709-scaled.jpg\"><img loading=\"lazy\" decoding=\"async\" class=\"aligncenter wp-image-17724 size-medium\" src=\"http:\/\/victoria-rad.de\/wp-content\/uploads\/2025\/01\/20220704_211709-300x135.jpg\" alt=\"\" width=\"300\" height=\"135\" srcset=\"https:\/\/victoria-rad.de\/wp-content\/uploads\/2025\/01\/20220704_211709-300x135.jpg 300w, https:\/\/victoria-rad.de\/wp-content\/uploads\/2025\/01\/20220704_211709-1024x461.jpg 1024w, https:\/\/victoria-rad.de\/wp-content\/uploads\/2025\/01\/20220704_211709-150x68.jpg 150w, https:\/\/victoria-rad.de\/wp-content\/uploads\/2025\/01\/20220704_211709-768x346.jpg 768w, https:\/\/victoria-rad.de\/wp-content\/uploads\/2025\/01\/20220704_211709-1536x691.jpg 1536w, https:\/\/victoria-rad.de\/wp-content\/uploads\/2025\/01\/20220704_211709-2048x922.jpg 2048w\" sizes=\"auto, (max-width: 300px) 100vw, 300px\" \/><\/a><\/p>\n<p><a href=\"http:\/\/victoria-rad.de\/wp-content\/uploads\/2025\/01\/IMG_20190312_0002-scaled.jpg\"><img loading=\"lazy\" decoding=\"async\" class=\"aligncenter wp-image-17725 size-medium\" src=\"http:\/\/victoria-rad.de\/wp-content\/uploads\/2025\/01\/IMG_20190312_0002-300x102.jpg\" alt=\"\" width=\"300\" height=\"102\" srcset=\"https:\/\/victoria-rad.de\/wp-content\/uploads\/2025\/01\/IMG_20190312_0002-300x102.jpg 300w, https:\/\/victoria-rad.de\/wp-content\/uploads\/2025\/01\/IMG_20190312_0002-1024x347.jpg 1024w, https:\/\/victoria-rad.de\/wp-content\/uploads\/2025\/01\/IMG_20190312_0002-150x51.jpg 150w, https:\/\/victoria-rad.de\/wp-content\/uploads\/2025\/01\/IMG_20190312_0002-768x261.jpg 768w, https:\/\/victoria-rad.de\/wp-content\/uploads\/2025\/01\/IMG_20190312_0002-1536x521.jpg 1536w, https:\/\/victoria-rad.de\/wp-content\/uploads\/2025\/01\/IMG_20190312_0002-2048x695.jpg 2048w\" sizes=\"auto, (max-width: 300px) 100vw, 300px\" \/><\/a><\/p>\n<p>&nbsp;<\/p>\n","protected":false},"excerpt":{"rendered":"<p>Victoria Neuheit der Drei\u00dfiger Jahre &#8211; KR8&#8230;\u00a0 Mit dem neuen Modell des Motorrades KR8 hat Victoria 1933 ein v\u00f6llig \u00fcberarbeitetes Konzept einer Motorradlinie begonnen. F\u00fcr den ersten Eindruck ergibt sich dem Betrachter eine Maschine, die Ihrer Zeit voraus ist. Victoria hat es immer verstanden, Motorr\u00e4der zu entwickeln und zu bauen, welche faszinierend waren und der &hellip; <a href=\"https:\/\/victoria-rad.de\/?p=17685\" class=\"more-link\"><span class=\"screen-reader-text\">Victoria &#8211; Motorrad KR8 &#8211; einige Modelle&#8230;<\/span> weiterlesen<\/a><\/p>\n","protected":false},"author":1,"featured_media":0,"comment_status":"open","ping_status":"open","sticky":false,"template":"","format":"standard","meta":{"footnotes":""},"categories":[1],"tags":[],"class_list":["post-17685","post","type-post","status-publish","format-standard","hentry","category-uncategorized"],"_links":{"self":[{"href":"https:\/\/victoria-rad.de\/index.php?rest_route=\/wp\/v2\/posts\/17685","targetHints":{"allow":["GET"]}}],"collection":[{"href":"https:\/\/victoria-rad.de\/index.php?rest_route=\/wp\/v2\/posts"}],"about":[{"href":"https:\/\/victoria-rad.de\/index.php?rest_route=\/wp\/v2\/types\/post"}],"author":[{"embeddable":true,"href":"https:\/\/victoria-rad.de\/index.php?rest_route=\/wp\/v2\/users\/1"}],"replies":[{"embeddable":true,"href":"https:\/\/victoria-rad.de\/index.php?rest_route=%2Fwp%2Fv2%2Fcomments&post=17685"}],"version-history":[{"count":13,"href":"https:\/\/victoria-rad.de\/index.php?rest_route=\/wp\/v2\/posts\/17685\/revisions"}],"predecessor-version":[{"id":17734,"href":"https:\/\/victoria-rad.de\/index.php?rest_route=\/wp\/v2\/posts\/17685\/revisions\/17734"}],"wp:attachment":[{"href":"https:\/\/victoria-rad.de\/index.php?rest_route=%2Fwp%2Fv2%2Fmedia&parent=17685"}],"wp:term":[{"taxonomy":"category","embeddable":true,"href":"https:\/\/victoria-rad.de\/index.php?rest_route=%2Fwp%2Fv2%2Fcategories&post=17685"},{"taxonomy":"post_tag","embeddable":true,"href":"https:\/\/victoria-rad.de\/index.php?rest_route=%2Fwp%2Fv2%2Ftags&post=17685"}],"curies":[{"name":"wp","href":"https:\/\/api.w.org\/{rel}","templated":true}]}}