{"id":2057,"date":"2018-09-24T16:34:05","date_gmt":"2018-09-24T16:34:05","guid":{"rendered":"http:\/\/victoria-rad.de\/?p=2057"},"modified":"2020-01-28T09:52:58","modified_gmt":"2020-01-28T09:52:58","slug":"victoria-hubraumstarke-kr-50-seitenventiler","status":"publish","type":"post","link":"https:\/\/victoria-rad.de\/?p=2057","title":{"rendered":"Victoria &#8211; Motorrad &#8211; KR 50 SV Hubraumstarker &#8211; Seitenventiler &#8230;"},"content":{"rendered":"\r\n<p><strong>Victoria KR 50 SV &#8211; Herstellung ab 1930&#8230;<\/strong><\/p>\r\n\r\n\r\n\r\n<p>An die Erfolgsgeschichte der 350er Klasse anschlie\u00dfend, brachte Victoria die hubraumst\u00e4rkere KR 50 mit 500 ccm ( 495 ccm bei 79\/101 &#8211; B\/H ) mit der Leistung von 14 PS, Anfang 1930 auf den Markt. Die \u00e4u\u00dferen Umst\u00e4nde, sprich &#8222;Schwarzer Freitag \/ Weltwirtschaftskrise&#8220; waren nicht gerade verkaufsf\u00f6rdernd. Das neue Motorrad war nat\u00fcrlich vollkommen neu \u00fcberarbeitet worden:<\/p>\r\n\r\n\r\n\r\n<div class=\"wp-block-image\">\r\n<figure class=\"aligncenter\"><a href=\"http:\/\/victoria-rad.de\/?attachment_id=2099\" target=\"_blank\" rel=\"noopener noreferrer\"><img loading=\"lazy\" decoding=\"async\" class=\"aligncenter wp-image-2099\" src=\"http:\/\/victoria-rad.de\/wp-content\/uploads\/2018\/09\/IMG_20180924_0001-2-300x204.jpg\" alt=\"\" width=\"300\" height=\"204\" srcset=\"https:\/\/victoria-rad.de\/wp-content\/uploads\/2018\/09\/IMG_20180924_0001-2-300x204.jpg 300w, https:\/\/victoria-rad.de\/wp-content\/uploads\/2018\/09\/IMG_20180924_0001-2-768x522.jpg 768w, https:\/\/victoria-rad.de\/wp-content\/uploads\/2018\/09\/IMG_20180924_0001-2-1024x697.jpg 1024w\" sizes=\"auto, (max-width: 300px) 100vw, 300px\" \/><\/a><\/figure>\r\n<\/div>\r\n\r\n\r\n\r\n<p>Den Motor bezog man wieder in England von Sturmey Archer und er lief als seitengesteuertes Aggregat mit einer Verdichtung von 1:4,5 und 3300 U\/min. Mit der Leistung von 14 PS brachte es das eher solide Motorrad auf eine Geschwindigkeit von ca. 90 km\/h:<\/p>\r\n\r\n\r\n\r\n<div class=\"wp-block-image\">\r\n<figure class=\"aligncenter\"><a href=\"http:\/\/victoria-rad.de\/wp-content\/uploads\/2018\/09\/Image00458.jpg\" target=\"_blank\" rel=\"noopener noreferrer\"><img loading=\"lazy\" decoding=\"async\" class=\"aligncenter wp-image-2062\" src=\"http:\/\/victoria-rad.de\/wp-content\/uploads\/2018\/09\/Image00458-244x300.jpg\" alt=\"\" width=\"244\" height=\"300\" srcset=\"https:\/\/victoria-rad.de\/wp-content\/uploads\/2018\/09\/Image00458-244x300.jpg 244w, https:\/\/victoria-rad.de\/wp-content\/uploads\/2018\/09\/Image00458-768x945.jpg 768w, https:\/\/victoria-rad.de\/wp-content\/uploads\/2018\/09\/Image00458.jpg 817w\" sizes=\"auto, (max-width: 244px) 100vw, 244px\" \/><\/a><\/figure>\r\n<\/div>\r\n\r\n\r\n\r\n<p>Die \u00d6lung des Motors erfolgte auf einer Trockensumpfschmierung mit der am rechten Motorgeh\u00e4use gesch\u00fctzten \u00d6lpumpe:<\/p>\r\n\r\n\r\n\r\n<div class=\"wp-block-image\">\r\n<figure class=\"aligncenter\"><a href=\"http:\/\/victoria-rad.de\/wp-content\/uploads\/2018\/09\/Image00459.jpg\" target=\"_blank\" rel=\"noopener noreferrer\"><img loading=\"lazy\" decoding=\"async\" class=\"aligncenter wp-image-2063\" src=\"http:\/\/victoria-rad.de\/wp-content\/uploads\/2018\/09\/Image00459-300x242.jpg\" alt=\"\" width=\"300\" height=\"242\" srcset=\"https:\/\/victoria-rad.de\/wp-content\/uploads\/2018\/09\/Image00459-300x242.jpg 300w, https:\/\/victoria-rad.de\/wp-content\/uploads\/2018\/09\/Image00459-768x619.jpg 768w, https:\/\/victoria-rad.de\/wp-content\/uploads\/2018\/09\/Image00459.jpg 988w\" sizes=\"auto, (max-width: 300px) 100vw, 300px\" \/><\/a><\/figure>\r\n<\/div>\r\n\r\n\r\n\r\n<p>Der Z\u00fcndmagnet hatte nun mehr Platz im Gegensatz zu den Vorg\u00e4ngermodellen:<\/p>\r\n\r\n\r\n\r\n<div class=\"wp-block-image\">\r\n<figure class=\"aligncenter\"><a href=\"http:\/\/victoria-rad.de\/wp-content\/uploads\/2018\/09\/Image00461.jpg\" target=\"_blank\" rel=\"noopener noreferrer\"><img loading=\"lazy\" decoding=\"async\" class=\"aligncenter wp-image-2064\" src=\"http:\/\/victoria-rad.de\/wp-content\/uploads\/2018\/09\/Image00461-285x300.jpg\" alt=\"\" width=\"285\" height=\"300\" srcset=\"https:\/\/victoria-rad.de\/wp-content\/uploads\/2018\/09\/Image00461-285x300.jpg 285w, https:\/\/victoria-rad.de\/wp-content\/uploads\/2018\/09\/Image00461.jpg 717w\" sizes=\"auto, (max-width: 285px) 100vw, 285px\" \/><\/a><\/figure>\r\n<\/div>\r\n\r\n\r\n\r\n<p>Eine weitere Neuerung war die sogenannte Kombibremse, welche gleichzeitig mit der Fu\u00dfbremse und der Handbremse bet\u00e4tigt wurde. Diese Technik funktionierte \u00fcber ein Gelenk, welches mit dem Gest\u00e4nge der Fu\u00dfbremse, bzw. mit dem Bowdenzug der Handbremse verbunden war:<\/p>\r\n\r\n\r\n\r\n<div class=\"wp-block-image\">\r\n<figure class=\"aligncenter\"><a href=\"http:\/\/victoria-rad.de\/wp-content\/uploads\/2018\/09\/Image00471.jpg\" target=\"_blank\" rel=\"noopener noreferrer\"><img loading=\"lazy\" decoding=\"async\" class=\"aligncenter wp-image-2065\" src=\"http:\/\/victoria-rad.de\/wp-content\/uploads\/2018\/09\/Image00471-300x225.jpg\" alt=\"\" width=\"300\" height=\"225\" srcset=\"https:\/\/victoria-rad.de\/wp-content\/uploads\/2018\/09\/Image00471-300x225.jpg 300w, https:\/\/victoria-rad.de\/wp-content\/uploads\/2018\/09\/Image00471-768x575.jpg 768w, https:\/\/victoria-rad.de\/wp-content\/uploads\/2018\/09\/Image00471.jpg 888w\" sizes=\"auto, (max-width: 300px) 100vw, 300px\" \/><\/a><\/figure>\r\n<\/div>\r\n\r\n\r\n\r\n<p>Die dem Motorrad entsprechenden 19 Zoll gro\u00dfen R\u00e4der mit den Kronprinz-Sicherheitsfelgen konnte man auch gut bei einer Reifenpanne wechseln:<\/p>\r\n\r\n\r\n\r\n<div class=\"wp-block-image\">\r\n<figure class=\"aligncenter\"><a href=\"http:\/\/victoria-rad.de\/wp-content\/uploads\/2018\/09\/Image00468.jpg\" target=\"_blank\" rel=\"noopener noreferrer\"><img loading=\"lazy\" decoding=\"async\" class=\"aligncenter wp-image-2066\" src=\"http:\/\/victoria-rad.de\/wp-content\/uploads\/2018\/09\/Image00468-270x300.jpg\" alt=\"\" width=\"270\" height=\"300\" srcset=\"https:\/\/victoria-rad.de\/wp-content\/uploads\/2018\/09\/Image00468-270x300.jpg 270w, https:\/\/victoria-rad.de\/wp-content\/uploads\/2018\/09\/Image00468.jpg 742w\" sizes=\"auto, (max-width: 270px) 100vw, 270px\" \/><\/a><\/figure>\r\n<\/div>\r\n\r\n\r\n\r\n<p style=\"text-align: center;\">Man beachte das abnehmbare Schutzblech.<\/p>\r\n\r\n\r\n\r\n<p>Neuer Mittelst\u00e4nder:<\/p>\r\n\r\n\r\n\r\n<div class=\"wp-block-image\">\r\n<figure class=\"aligncenter\"><a href=\"http:\/\/victoria-rad.de\/wp-content\/uploads\/2018\/09\/IMG_20180921_0002.jpg\" target=\"_blank\" rel=\"noopener noreferrer\"><img loading=\"lazy\" decoding=\"async\" class=\"aligncenter wp-image-2072\" src=\"http:\/\/victoria-rad.de\/wp-content\/uploads\/2018\/09\/IMG_20180921_0002-300x127.jpg\" alt=\"\" width=\"300\" height=\"127\" srcset=\"https:\/\/victoria-rad.de\/wp-content\/uploads\/2018\/09\/IMG_20180921_0002-300x127.jpg 300w, https:\/\/victoria-rad.de\/wp-content\/uploads\/2018\/09\/IMG_20180921_0002-768x324.jpg 768w, https:\/\/victoria-rad.de\/wp-content\/uploads\/2018\/09\/IMG_20180921_0002-1024x433.jpg 1024w\" sizes=\"auto, (max-width: 300px) 100vw, 300px\" \/><\/a><\/figure>\r\n<\/div>\r\n\r\n\r\n\r\n<p>Auf Wunsch lieferbar:<\/p>\r\n\r\n\r\n\r\n<div class=\"wp-block-image\">\r\n<figure class=\"aligncenter\"><a href=\"http:\/\/victoria-rad.de\/wp-content\/uploads\/2018\/09\/IMG_20180921_0002-Kopie.jpg\" target=\"_blank\" rel=\"noopener noreferrer\"><img loading=\"lazy\" decoding=\"async\" class=\"aligncenter wp-image-2071\" src=\"http:\/\/victoria-rad.de\/wp-content\/uploads\/2018\/09\/IMG_20180921_0002-Kopie-300x115.jpg\" alt=\"\" width=\"300\" height=\"115\" srcset=\"https:\/\/victoria-rad.de\/wp-content\/uploads\/2018\/09\/IMG_20180921_0002-Kopie-300x115.jpg 300w, https:\/\/victoria-rad.de\/wp-content\/uploads\/2018\/09\/IMG_20180921_0002-Kopie-768x294.jpg 768w, https:\/\/victoria-rad.de\/wp-content\/uploads\/2018\/09\/IMG_20180921_0002-Kopie-1024x392.jpg 1024w\" sizes=\"auto, (max-width: 300px) 100vw, 300px\" \/><\/a><\/figure>\r\n<\/div>\r\n\r\n\r\n\r\n<p>Ersatzteilliste Victoria KR 50:<\/p>\r\n\r\n\r\n\r\n<div class=\"wp-block-image\">\r\n<figure class=\"aligncenter\"><a href=\"http:\/\/victoria-rad.de\/wp-content\/uploads\/2018\/09\/IMG_20180924_0002.jpg\" target=\"_blank\" rel=\"noopener noreferrer\"><img loading=\"lazy\" decoding=\"async\" class=\"aligncenter wp-image-2080\" src=\"http:\/\/victoria-rad.de\/wp-content\/uploads\/2018\/09\/IMG_20180924_0002-300x205.jpg\" alt=\"\" width=\"300\" height=\"205\" srcset=\"https:\/\/victoria-rad.de\/wp-content\/uploads\/2018\/09\/IMG_20180924_0002-300x205.jpg 300w, https:\/\/victoria-rad.de\/wp-content\/uploads\/2018\/09\/IMG_20180924_0002-768x525.jpg 768w, https:\/\/victoria-rad.de\/wp-content\/uploads\/2018\/09\/IMG_20180924_0002-1024x699.jpg 1024w\" sizes=\"auto, (max-width: 300px) 100vw, 300px\" \/><\/a><\/figure>\r\n<\/div>\r\n\r\n\r\n\r\n<div class=\"wp-block-image\">\r\n<figure class=\"aligncenter\"><a href=\"http:\/\/victoria-rad.de\/wp-content\/uploads\/2018\/09\/IMG_20180924_0003.jpg\" target=\"_blank\" rel=\"noopener noreferrer\"><img loading=\"lazy\" decoding=\"async\" class=\"aligncenter wp-image-2081\" src=\"http:\/\/victoria-rad.de\/wp-content\/uploads\/2018\/09\/IMG_20180924_0003-300x189.jpg\" alt=\"\" width=\"300\" height=\"189\" srcset=\"https:\/\/victoria-rad.de\/wp-content\/uploads\/2018\/09\/IMG_20180924_0003-300x189.jpg 300w, https:\/\/victoria-rad.de\/wp-content\/uploads\/2018\/09\/IMG_20180924_0003-768x484.jpg 768w, https:\/\/victoria-rad.de\/wp-content\/uploads\/2018\/09\/IMG_20180924_0003-1024x645.jpg 1024w\" sizes=\"auto, (max-width: 300px) 100vw, 300px\" \/><\/a><\/figure>\r\n<\/div>\r\n\r\n\r\n\r\n<div class=\"wp-block-image\">\r\n<figure class=\"aligncenter\"><a href=\"http:\/\/victoria-rad.de\/wp-content\/uploads\/2018\/09\/IMG_20180924_0004.jpg\" target=\"_blank\" rel=\"noopener noreferrer\"><img loading=\"lazy\" decoding=\"async\" class=\"aligncenter wp-image-2082\" src=\"http:\/\/victoria-rad.de\/wp-content\/uploads\/2018\/09\/IMG_20180924_0004-300x243.jpg\" alt=\"\" width=\"300\" height=\"243\" srcset=\"https:\/\/victoria-rad.de\/wp-content\/uploads\/2018\/09\/IMG_20180924_0004-300x243.jpg 300w, https:\/\/victoria-rad.de\/wp-content\/uploads\/2018\/09\/IMG_20180924_0004-768x621.jpg 768w, https:\/\/victoria-rad.de\/wp-content\/uploads\/2018\/09\/IMG_20180924_0004-1024x829.jpg 1024w\" sizes=\"auto, (max-width: 300px) 100vw, 300px\" \/><\/a><\/figure>\r\n<\/div>\r\n\r\n\r\n\r\n<div class=\"wp-block-image\">\r\n<figure class=\"aligncenter\"><a href=\"http:\/\/victoria-rad.de\/wp-content\/uploads\/2018\/09\/IMG_20180924_0005.jpg\" target=\"_blank\" rel=\"noopener noreferrer\"><img loading=\"lazy\" decoding=\"async\" class=\"aligncenter wp-image-2083\" src=\"http:\/\/victoria-rad.de\/wp-content\/uploads\/2018\/09\/IMG_20180924_0005-300x192.jpg\" alt=\"\" width=\"300\" height=\"192\" srcset=\"https:\/\/victoria-rad.de\/wp-content\/uploads\/2018\/09\/IMG_20180924_0005-300x192.jpg 300w, https:\/\/victoria-rad.de\/wp-content\/uploads\/2018\/09\/IMG_20180924_0005-768x491.jpg 768w, https:\/\/victoria-rad.de\/wp-content\/uploads\/2018\/09\/IMG_20180924_0005-1024x654.jpg 1024w\" sizes=\"auto, (max-width: 300px) 100vw, 300px\" \/><\/a><\/figure>\r\n<\/div>\r\n\r\n\r\n\r\n<div class=\"wp-block-image\">\r\n<figure class=\"aligncenter\"><a href=\"http:\/\/victoria-rad.de\/wp-content\/uploads\/2018\/09\/IMG_20180924_0006.jpg\" target=\"_blank\" rel=\"noopener noreferrer\"><img loading=\"lazy\" decoding=\"async\" class=\"aligncenter wp-image-2084\" src=\"http:\/\/victoria-rad.de\/wp-content\/uploads\/2018\/09\/IMG_20180924_0006-300x223.jpg\" alt=\"\" width=\"300\" height=\"223\" srcset=\"https:\/\/victoria-rad.de\/wp-content\/uploads\/2018\/09\/IMG_20180924_0006-300x223.jpg 300w, https:\/\/victoria-rad.de\/wp-content\/uploads\/2018\/09\/IMG_20180924_0006-768x571.jpg 768w, https:\/\/victoria-rad.de\/wp-content\/uploads\/2018\/09\/IMG_20180924_0006-1024x761.jpg 1024w\" sizes=\"auto, (max-width: 300px) 100vw, 300px\" \/><\/a><\/figure>\r\n<\/div>\r\n\r\n\r\n\r\n<div class=\"wp-block-image\">\r\n<figure class=\"aligncenter\"><a href=\"http:\/\/victoria-rad.de\/wp-content\/uploads\/2018\/09\/Vordergabel3.png\" target=\"_blank\" rel=\"noopener noreferrer\"><img loading=\"lazy\" decoding=\"async\" class=\"aligncenter wp-image-2093\" src=\"http:\/\/victoria-rad.de\/wp-content\/uploads\/2018\/09\/Vordergabel3-225x300.png\" alt=\"\" width=\"225\" height=\"300\" srcset=\"https:\/\/victoria-rad.de\/wp-content\/uploads\/2018\/09\/Vordergabel3-225x300.png 225w, https:\/\/victoria-rad.de\/wp-content\/uploads\/2018\/09\/Vordergabel3.png 622w\" sizes=\"auto, (max-width: 225px) 100vw, 225px\" \/><\/a><\/figure>\r\n<\/div>\r\n\r\n\r\n\r\n<div class=\"wp-block-image\">\r\n<figure class=\"aligncenter\"><a href=\"http:\/\/victoria-rad.de\/wp-content\/uploads\/2018\/09\/IMG_20180924_0009.jpg\" target=\"_blank\" rel=\"noopener noreferrer\"><img loading=\"lazy\" decoding=\"async\" class=\"aligncenter wp-image-2087\" src=\"http:\/\/victoria-rad.de\/wp-content\/uploads\/2018\/09\/IMG_20180924_0009-300x226.jpg\" alt=\"\" width=\"300\" height=\"226\" srcset=\"https:\/\/victoria-rad.de\/wp-content\/uploads\/2018\/09\/IMG_20180924_0009-300x226.jpg 300w, https:\/\/victoria-rad.de\/wp-content\/uploads\/2018\/09\/IMG_20180924_0009-768x579.jpg 768w, https:\/\/victoria-rad.de\/wp-content\/uploads\/2018\/09\/IMG_20180924_0009-1024x773.jpg 1024w\" sizes=\"auto, (max-width: 300px) 100vw, 300px\" \/><\/a><\/figure>\r\n<\/div>\r\n\r\n\r\n\r\n<div class=\"wp-block-image\">\r\n<figure class=\"aligncenter\"><a href=\"http:\/\/victoria-rad.de\/wp-content\/uploads\/2018\/09\/IMG_20180924_0010.jpg\" target=\"_blank\" rel=\"noopener noreferrer\"><img loading=\"lazy\" decoding=\"async\" class=\"aligncenter wp-image-2088\" src=\"http:\/\/victoria-rad.de\/wp-content\/uploads\/2018\/09\/IMG_20180924_0010-300x228.jpg\" alt=\"\" width=\"300\" height=\"228\" srcset=\"https:\/\/victoria-rad.de\/wp-content\/uploads\/2018\/09\/IMG_20180924_0010-300x228.jpg 300w, https:\/\/victoria-rad.de\/wp-content\/uploads\/2018\/09\/IMG_20180924_0010-768x585.jpg 768w, https:\/\/victoria-rad.de\/wp-content\/uploads\/2018\/09\/IMG_20180924_0010-1024x780.jpg 1024w\" sizes=\"auto, (max-width: 300px) 100vw, 300px\" \/><\/a><\/figure>\r\n<\/div>\r\n\r\n\r\n\r\n<div class=\"wp-block-image\">\r\n<figure class=\"aligncenter\"><a href=\"http:\/\/victoria-rad.de\/wp-content\/uploads\/2018\/09\/IMG_20180924_0011.jpg\" target=\"_blank\" rel=\"noopener noreferrer\"><img loading=\"lazy\" decoding=\"async\" class=\"aligncenter wp-image-2089\" src=\"http:\/\/victoria-rad.de\/wp-content\/uploads\/2018\/09\/IMG_20180924_0011-300x215.jpg\" alt=\"\" width=\"300\" height=\"215\" srcset=\"https:\/\/victoria-rad.de\/wp-content\/uploads\/2018\/09\/IMG_20180924_0011-300x215.jpg 300w, https:\/\/victoria-rad.de\/wp-content\/uploads\/2018\/09\/IMG_20180924_0011-768x550.jpg 768w, https:\/\/victoria-rad.de\/wp-content\/uploads\/2018\/09\/IMG_20180924_0011-1024x734.jpg 1024w\" sizes=\"auto, (max-width: 300px) 100vw, 300px\" \/><\/a><\/figure>\r\n<\/div>\r\n\r\n\r\n\r\n<div class=\"wp-block-image\">\r\n<figure class=\"aligncenter\"><a href=\"http:\/\/victoria-rad.de\/wp-content\/uploads\/2018\/09\/IMG_20180924_0012.jpg\" target=\"_blank\" rel=\"noopener noreferrer\"><img loading=\"lazy\" decoding=\"async\" class=\"aligncenter wp-image-2090\" src=\"http:\/\/victoria-rad.de\/wp-content\/uploads\/2018\/09\/IMG_20180924_0012-224x300.jpg\" alt=\"\" width=\"224\" height=\"300\" srcset=\"https:\/\/victoria-rad.de\/wp-content\/uploads\/2018\/09\/IMG_20180924_0012-224x300.jpg 224w, https:\/\/victoria-rad.de\/wp-content\/uploads\/2018\/09\/IMG_20180924_0012-768x1029.jpg 768w, https:\/\/victoria-rad.de\/wp-content\/uploads\/2018\/09\/IMG_20180924_0012-764x1024.jpg 764w\" sizes=\"auto, (max-width: 224px) 100vw, 224px\" \/><\/a><\/figure>\r\n<\/div>\r\n\r\n\r\n\r\n<div class=\"wp-block-image\">\r\n<figure class=\"aligncenter\"><a href=\"http:\/\/victoria-rad.de\/wp-content\/uploads\/2018\/09\/IMG_20180924_0013.jpg\" target=\"_blank\" rel=\"noopener noreferrer\"><img loading=\"lazy\" decoding=\"async\" class=\"aligncenter wp-image-2091\" src=\"http:\/\/victoria-rad.de\/wp-content\/uploads\/2018\/09\/IMG_20180924_0013-300x232.jpg\" alt=\"\" width=\"300\" height=\"232\" srcset=\"https:\/\/victoria-rad.de\/wp-content\/uploads\/2018\/09\/IMG_20180924_0013-300x232.jpg 300w, https:\/\/victoria-rad.de\/wp-content\/uploads\/2018\/09\/IMG_20180924_0013-768x593.jpg 768w, https:\/\/victoria-rad.de\/wp-content\/uploads\/2018\/09\/IMG_20180924_0013-1024x790.jpg 1024w\" sizes=\"auto, (max-width: 300px) 100vw, 300px\" \/><\/a><\/figure>\r\n<\/div>\r\n\r\n\r\n\r\n<div class=\"wp-block-image\">\r\n<figure class=\"aligncenter\"><a href=\"http:\/\/victoria-rad.de\/wp-content\/uploads\/2018\/09\/IMG_20180924_0014.jpg\" target=\"_blank\" rel=\"noopener noreferrer\"><img loading=\"lazy\" decoding=\"async\" class=\"aligncenter wp-image-2092\" src=\"http:\/\/victoria-rad.de\/wp-content\/uploads\/2018\/09\/IMG_20180924_0014-300x235.jpg\" alt=\"\" width=\"300\" height=\"235\" srcset=\"https:\/\/victoria-rad.de\/wp-content\/uploads\/2018\/09\/IMG_20180924_0014-300x235.jpg 300w, https:\/\/victoria-rad.de\/wp-content\/uploads\/2018\/09\/IMG_20180924_0014-768x602.jpg 768w, https:\/\/victoria-rad.de\/wp-content\/uploads\/2018\/09\/IMG_20180924_0014-1024x803.jpg 1024w\" sizes=\"auto, (max-width: 300px) 100vw, 300px\" \/><\/a><\/figure>\r\n<\/div>\r\n\r\n\r\n\r\n<div class=\"wp-block-image\">\r\n<figure class=\"aligncenter\"><a href=\"http:\/\/victoria-rad.de\/wp-content\/uploads\/2018\/09\/IMG_20180924_0007.jpg\" target=\"_blank\" rel=\"noopener noreferrer\"><img loading=\"lazy\" decoding=\"async\" class=\"aligncenter wp-image-2085\" src=\"http:\/\/victoria-rad.de\/wp-content\/uploads\/2018\/09\/IMG_20180924_0007-300x224.jpg\" alt=\"\" width=\"300\" height=\"224\" srcset=\"https:\/\/victoria-rad.de\/wp-content\/uploads\/2018\/09\/IMG_20180924_0007-300x224.jpg 300w, https:\/\/victoria-rad.de\/wp-content\/uploads\/2018\/09\/IMG_20180924_0007-768x575.jpg 768w, https:\/\/victoria-rad.de\/wp-content\/uploads\/2018\/09\/IMG_20180924_0007-1024x766.jpg 1024w\" sizes=\"auto, (max-width: 300px) 100vw, 300px\" \/><\/a><\/figure>\r\n<\/div>\r\n\r\n\r\n\r\n<p style=\"text-align: center;\">Am vorstehenden Bild sieht man die schon hochmoderne Tanklackierung, die mit in einander laufenden Linien heutigen Airbruhs-Lackierungen sehr nahe kommt.<\/p>\r\n\r\n\r\n\r\n<p>Originale Aufnahmen:<\/p>\r\n<p><a href=\"http:\/\/victoria-rad.de\/wp-content\/uploads\/2018\/09\/15-1.jpg\" target=\"_blank\" rel=\"noopener noreferrer\"><img loading=\"lazy\" decoding=\"async\" class=\"aligncenter wp-image-2078 size-medium\" src=\"http:\/\/victoria-rad.de\/wp-content\/uploads\/2018\/09\/15-1-300x224.jpg\" alt=\"\" width=\"300\" height=\"224\" srcset=\"https:\/\/victoria-rad.de\/wp-content\/uploads\/2018\/09\/15-1-300x224.jpg 300w, https:\/\/victoria-rad.de\/wp-content\/uploads\/2018\/09\/15-1-768x572.jpg 768w, https:\/\/victoria-rad.de\/wp-content\/uploads\/2018\/09\/15-1-1024x763.jpg 1024w\" sizes=\"auto, (max-width: 300px) 100vw, 300px\" \/><\/a><\/p>\r\n<p><a href=\"http:\/\/victoria-rad.de\/wp-content\/uploads\/2018\/09\/14-1.jpg\" target=\"_blank\" rel=\"noopener noreferrer\"><img loading=\"lazy\" decoding=\"async\" class=\"aligncenter wp-image-2077 size-medium\" src=\"http:\/\/victoria-rad.de\/wp-content\/uploads\/2018\/09\/14-1-300x211.jpg\" alt=\"\" width=\"300\" height=\"211\" srcset=\"https:\/\/victoria-rad.de\/wp-content\/uploads\/2018\/09\/14-1-300x211.jpg 300w, https:\/\/victoria-rad.de\/wp-content\/uploads\/2018\/09\/14-1-768x539.jpg 768w, https:\/\/victoria-rad.de\/wp-content\/uploads\/2018\/09\/14-1-1024x719.jpg 1024w\" sizes=\"auto, (max-width: 300px) 100vw, 300px\" \/><\/a><\/p>\r\n<p><a href=\"http:\/\/victoria-rad.de\/wp-content\/uploads\/2018\/09\/12-1.jpg\" target=\"_blank\" rel=\"noopener noreferrer\"><img loading=\"lazy\" decoding=\"async\" class=\"aligncenter wp-image-2074 size-medium\" src=\"http:\/\/victoria-rad.de\/wp-content\/uploads\/2018\/09\/12-1-300x209.jpg\" alt=\"\" width=\"300\" height=\"209\" srcset=\"https:\/\/victoria-rad.de\/wp-content\/uploads\/2018\/09\/12-1-300x209.jpg 300w, https:\/\/victoria-rad.de\/wp-content\/uploads\/2018\/09\/12-1-768x535.jpg 768w, https:\/\/victoria-rad.de\/wp-content\/uploads\/2018\/09\/12-1-1024x713.jpg 1024w, https:\/\/victoria-rad.de\/wp-content\/uploads\/2018\/09\/12-1.jpg 1976w\" sizes=\"auto, (max-width: 300px) 100vw, 300px\" \/><\/a><\/p>\r\n<p><a href=\"http:\/\/victoria-rad.de\/wp-content\/uploads\/2018\/09\/16-1.jpg\" target=\"_blank\" rel=\"noopener noreferrer\"><img loading=\"lazy\" decoding=\"async\" class=\"aligncenter wp-image-2079 size-medium\" src=\"http:\/\/victoria-rad.de\/wp-content\/uploads\/2018\/09\/16-1-300x184.jpg\" alt=\"\" width=\"300\" height=\"184\" srcset=\"https:\/\/victoria-rad.de\/wp-content\/uploads\/2018\/09\/16-1-300x184.jpg 300w, https:\/\/victoria-rad.de\/wp-content\/uploads\/2018\/09\/16-1-768x471.jpg 768w, https:\/\/victoria-rad.de\/wp-content\/uploads\/2018\/09\/16-1-1024x628.jpg 1024w, https:\/\/victoria-rad.de\/wp-content\/uploads\/2018\/09\/16-1-825x510.jpg 825w\" sizes=\"auto, (max-width: 300px) 100vw, 300px\" \/><\/a><\/p>\r\n<p><a href=\"http:\/\/victoria-rad.de\/wp-content\/uploads\/2019\/03\/IMG_20190312_0002-1.jpg\" target=\"_blank\" rel=\"noopener noreferrer\"><img loading=\"lazy\" decoding=\"async\" class=\"aligncenter wp-image-3857 size-medium\" src=\"http:\/\/victoria-rad.de\/wp-content\/uploads\/2019\/03\/IMG_20190312_0002-1-300x102.jpg\" alt=\"\" width=\"300\" height=\"102\" srcset=\"https:\/\/victoria-rad.de\/wp-content\/uploads\/2019\/03\/IMG_20190312_0002-1-300x102.jpg 300w, https:\/\/victoria-rad.de\/wp-content\/uploads\/2019\/03\/IMG_20190312_0002-1-150x51.jpg 150w, https:\/\/victoria-rad.de\/wp-content\/uploads\/2019\/03\/IMG_20190312_0002-1-768x261.jpg 768w, https:\/\/victoria-rad.de\/wp-content\/uploads\/2019\/03\/IMG_20190312_0002-1-1024x347.jpg 1024w\" sizes=\"auto, (max-width: 300px) 100vw, 300px\" \/><\/a><\/p>\r\n\r\n\r\n\r\n\r\n\r\n\r\n\r\n\r\n\r\n\r\n\r\n<div class=\"wp-block-image\">\r\n<figure class=\"aligncenter\"><a href=\"http:\/\/victoria-rad.de\/wp-content\/uploads\/2018\/09\/IMG_20150104_0025.jpg\" target=\"_blank\" rel=\"noopener noreferrer\"><img loading=\"lazy\" decoding=\"async\" class=\"aligncenter wp-image-2115\" src=\"http:\/\/victoria-rad.de\/wp-content\/uploads\/2018\/09\/IMG_20150104_0025-300x205.jpg\" alt=\"\" width=\"300\" height=\"205\" srcset=\"https:\/\/victoria-rad.de\/wp-content\/uploads\/2018\/09\/IMG_20150104_0025-300x205.jpg 300w, https:\/\/victoria-rad.de\/wp-content\/uploads\/2018\/09\/IMG_20150104_0025-768x525.jpg 768w, https:\/\/victoria-rad.de\/wp-content\/uploads\/2018\/09\/IMG_20150104_0025-1024x700.jpg 1024w\" sizes=\"auto, (max-width: 300px) 100vw, 300px\" \/><\/a><\/figure>\r\n<\/div>\r\n\r\n\r\n\r\n<div class=\"wp-block-image\">\r\n<figure class=\"aligncenter\"><a href=\"http:\/\/victoria-rad.de\/wp-content\/uploads\/2018\/09\/IMG_20150210_0005.jpg\" target=\"_blank\" rel=\"noopener noreferrer\"><img loading=\"lazy\" decoding=\"async\" class=\"aligncenter wp-image-2068\" src=\"http:\/\/victoria-rad.de\/wp-content\/uploads\/2018\/09\/IMG_20150210_0005-300x217.jpg\" alt=\"\" width=\"300\" height=\"217\" srcset=\"https:\/\/victoria-rad.de\/wp-content\/uploads\/2018\/09\/IMG_20150210_0005-300x217.jpg 300w, https:\/\/victoria-rad.de\/wp-content\/uploads\/2018\/09\/IMG_20150210_0005-768x557.jpg 768w, https:\/\/victoria-rad.de\/wp-content\/uploads\/2018\/09\/IMG_20150210_0005-1024x742.jpg 1024w, https:\/\/victoria-rad.de\/wp-content\/uploads\/2018\/09\/IMG_20150210_0005.jpg 1709w\" sizes=\"auto, (max-width: 300px) 100vw, 300px\" \/><\/a><\/figure>\r\n<\/div>\r\n\r\n\r\n\r\n<div class=\"wp-block-image size-medium wp-image-2243\">\r\n<figure class=\"aligncenter\"><a href=\"http:\/\/victoria-rad.de\/wp-content\/uploads\/2018\/09\/P6220203.jpg\" target=\"_blank\" rel=\"noopener noreferrer\"><img loading=\"lazy\" decoding=\"async\" class=\"aligncenter wp-image-2243\" src=\"http:\/\/victoria-rad.de\/wp-content\/uploads\/2018\/09\/P6220203-300x225.jpg\" alt=\"\" width=\"300\" height=\"225\" srcset=\"https:\/\/victoria-rad.de\/wp-content\/uploads\/2018\/09\/P6220203-300x225.jpg 300w, https:\/\/victoria-rad.de\/wp-content\/uploads\/2018\/09\/P6220203-768x576.jpg 768w, https:\/\/victoria-rad.de\/wp-content\/uploads\/2018\/09\/P6220203-1024x768.jpg 1024w\" sizes=\"auto, (max-width: 300px) 100vw, 300px\" \/><\/a>\r\n\r\n<\/figure>\r\n<\/div>\r\n\r\n\r\n\r\n<p>Kriebstein Uralt-Rallay:<\/p>\r\n\r\n\r\n\r\n<div class=\"wp-block-image\">\r\n<figure class=\"aligncenter\"><a href=\"http:\/\/victoria-rad.de\/wp-content\/uploads\/2018\/09\/IMG_20150402_0011.jpg\" target=\"_blank\" rel=\"noopener noreferrer\"><img loading=\"lazy\" decoding=\"async\" class=\"aligncenter wp-image-2069\" src=\"http:\/\/victoria-rad.de\/wp-content\/uploads\/2018\/09\/IMG_20150402_0011-300x249.jpg\" alt=\"\" width=\"300\" height=\"249\" srcset=\"https:\/\/victoria-rad.de\/wp-content\/uploads\/2018\/09\/IMG_20150402_0011-300x249.jpg 300w, https:\/\/victoria-rad.de\/wp-content\/uploads\/2018\/09\/IMG_20150402_0011-768x638.jpg 768w, https:\/\/victoria-rad.de\/wp-content\/uploads\/2018\/09\/IMG_20150402_0011-1024x851.jpg 1024w\" sizes=\"auto, (max-width: 300px) 100vw, 300px\" \/><\/a><\/figure>\r\n<\/div>\r\n\r\n\r\n\r\n<p>Im Jahr 1931 nahm Victoria einige Ver\u00e4nderungen am Modell KR 50 SV vor:<\/p>\r\n\r\n\r\n\r\n<ul class=\"wp-block-list\">\r\n<li>Motor mit leichter Neigung nach vorn<\/li>\r\n<li>abnehmbarer Zylinderkopf<\/li>\r\n<li>K\u00fchlturm auf dem Zylinder wurde weggelassen<\/li>\r\n<li>Bremspedal f\u00fcr Kombibremse rechte Seite<\/li>\r\n<li>\u00d6ltank verkleinert mit Einf\u00fcllstutzen auf der linken Seite<\/li>\r\n<li>Werkzeugk\u00e4sten rechts und links am Gep\u00e4cktr\u00e4ger<\/li>\r\n<li>Aufpreis f\u00fcr verchromten Tank mit dem ge\u00e4tzten Adler<\/li>\r\n<li>ab Baujahr 1932 Kniekissen aus Gummi am Tank, aber ung\u00fcnstig platziert<\/li>\r\n<\/ul>\r\n\r\n\r\n\r\n<p>F\u00fcr fast 3 Jahre Bauzeit, also bis Ende 1932, wurden gerade mal ca. 3000 St\u00fcck von der KR 50 SV gebaut. Die Zeit der gro\u00dfvolumigen Motorr\u00e4der war nicht mehr gegeben. Die wirtschaftlichen Verh\u00e4ltnisse bremsten diesen Markt stark aus.<\/p>\r\n\r\n\r\n\r\n<div class=\"wp-block-image\">\r\n<figure class=\"aligncenter\"><a href=\"http:\/\/victoria-rad.de\/wp-content\/uploads\/2018\/09\/IMG_20180921_0004.jpg\" target=\"_blank\" rel=\"noopener noreferrer\"><img loading=\"lazy\" decoding=\"async\" class=\"aligncenter wp-image-2059\" src=\"http:\/\/victoria-rad.de\/wp-content\/uploads\/2018\/09\/IMG_20180921_0004-300x212.jpg\" alt=\"\" width=\"300\" height=\"212\" srcset=\"https:\/\/victoria-rad.de\/wp-content\/uploads\/2018\/09\/IMG_20180921_0004-300x212.jpg 300w, https:\/\/victoria-rad.de\/wp-content\/uploads\/2018\/09\/IMG_20180921_0004-768x542.jpg 768w, https:\/\/victoria-rad.de\/wp-content\/uploads\/2018\/09\/IMG_20180921_0004-1024x722.jpg 1024w\" sizes=\"auto, (max-width: 300px) 100vw, 300px\" \/><\/a><\/figure>\r\n<\/div>\r\n\r\n\r\n\r\n<p style=\"text-align: center;\">2.Variante mit schr\u00e4gen Zylinder und den anderen Neuerungen.<\/p>\r\n\r\n\r\n\r\n<div class=\"wp-block-image\">\r\n<figure class=\"aligncenter\"><a href=\"http:\/\/victoria-rad.de\/wp-content\/uploads\/2018\/09\/KR-50.png\" target=\"_blank\" rel=\"noopener noreferrer\"><img loading=\"lazy\" decoding=\"async\" class=\"aligncenter wp-image-2116\" src=\"http:\/\/victoria-rad.de\/wp-content\/uploads\/2018\/09\/KR-50-300x272.png\" alt=\"\" width=\"300\" height=\"272\" srcset=\"https:\/\/victoria-rad.de\/wp-content\/uploads\/2018\/09\/KR-50-300x272.png 300w, https:\/\/victoria-rad.de\/wp-content\/uploads\/2018\/09\/KR-50-768x697.png 768w, https:\/\/victoria-rad.de\/wp-content\/uploads\/2018\/09\/KR-50-1024x929.png 1024w\" sizes=\"auto, (max-width: 300px) 100vw, 300px\" \/><\/a><\/figure>\r\n<\/div>\r\n\r\n\r\n\r\n<div class=\"wp-block-image\">\r\n<figure class=\"aligncenter\"><a href=\"http:\/\/victoria-rad.de\/wp-content\/uploads\/2018\/09\/IMG_20180921_0003.jpg\" target=\"_blank\" rel=\"noopener noreferrer\"><img loading=\"lazy\" decoding=\"async\" class=\"aligncenter wp-image-2073\" src=\"http:\/\/victoria-rad.de\/wp-content\/uploads\/2018\/09\/IMG_20180921_0003-208x300.jpg\" alt=\"\" width=\"208\" height=\"300\" srcset=\"https:\/\/victoria-rad.de\/wp-content\/uploads\/2018\/09\/IMG_20180921_0003-208x300.jpg 208w, https:\/\/victoria-rad.de\/wp-content\/uploads\/2018\/09\/IMG_20180921_0003-768x1110.jpg 768w, https:\/\/victoria-rad.de\/wp-content\/uploads\/2018\/09\/IMG_20180921_0003-708x1024.jpg 708w\" sizes=\"auto, (max-width: 208px) 100vw, 208px\" \/><\/a><\/figure>\r\n<\/div>\r\n\r\n\r\n\r\n<div class=\"wp-block-image\">\r\n<figure class=\"aligncenter\"><a href=\"http:\/\/victoria-rad.de\/?attachment_id=2060\" target=\"_blank\" rel=\"noopener noreferrer\"><img loading=\"lazy\" decoding=\"async\" class=\"aligncenter wp-image-2060\" src=\"http:\/\/victoria-rad.de\/wp-content\/uploads\/2018\/09\/IMG_20180921_0001-1-211x300.jpg\" alt=\"\" width=\"211\" height=\"300\" srcset=\"https:\/\/victoria-rad.de\/wp-content\/uploads\/2018\/09\/IMG_20180921_0001-1-211x300.jpg 211w, https:\/\/victoria-rad.de\/wp-content\/uploads\/2018\/09\/IMG_20180921_0001-1-768x1094.jpg 768w, https:\/\/victoria-rad.de\/wp-content\/uploads\/2018\/09\/IMG_20180921_0001-1-719x1024.jpg 719w\" sizes=\"auto, (max-width: 211px) 100vw, 211px\" \/><\/a><\/figure>\r\n<\/div>\r\n\r\n\r\n\r\n<p>Originale Aufnahme:<\/p>\r\n<p><a href=\"http:\/\/victoria-rad.de\/wp-content\/uploads\/2018\/09\/13-1.jpg\" target=\"_blank\" rel=\"noopener noreferrer\"><img loading=\"lazy\" decoding=\"async\" class=\"aligncenter wp-image-2076 size-medium\" src=\"http:\/\/victoria-rad.de\/wp-content\/uploads\/2018\/09\/13-1-300x277.jpg\" alt=\"\" width=\"300\" height=\"277\" srcset=\"https:\/\/victoria-rad.de\/wp-content\/uploads\/2018\/09\/13-1-300x277.jpg 300w, https:\/\/victoria-rad.de\/wp-content\/uploads\/2018\/09\/13-1-768x708.jpg 768w, https:\/\/victoria-rad.de\/wp-content\/uploads\/2018\/09\/13-1-1024x944.jpg 1024w, https:\/\/victoria-rad.de\/wp-content\/uploads\/2018\/09\/13-1.jpg 1356w\" sizes=\"auto, (max-width: 300px) 100vw, 300px\" \/><\/a><\/p>\r\n<p><a href=\"http:\/\/victoria-rad.de\/wp-content\/uploads\/2019\/03\/IMG_20190312_0002-1.jpg\" target=\"_blank\" rel=\"noopener noreferrer\"><img loading=\"lazy\" decoding=\"async\" class=\"aligncenter wp-image-3857 size-medium\" src=\"http:\/\/victoria-rad.de\/wp-content\/uploads\/2019\/03\/IMG_20190312_0002-1-300x102.jpg\" alt=\"\" width=\"300\" height=\"102\" srcset=\"https:\/\/victoria-rad.de\/wp-content\/uploads\/2019\/03\/IMG_20190312_0002-1-300x102.jpg 300w, https:\/\/victoria-rad.de\/wp-content\/uploads\/2019\/03\/IMG_20190312_0002-1-150x51.jpg 150w, https:\/\/victoria-rad.de\/wp-content\/uploads\/2019\/03\/IMG_20190312_0002-1-768x261.jpg 768w, https:\/\/victoria-rad.de\/wp-content\/uploads\/2019\/03\/IMG_20190312_0002-1-1024x347.jpg 1024w\" sizes=\"auto, (max-width: 300px) 100vw, 300px\" \/><\/a><\/p>\r\n\r\n\r\n\r\n\r\n\r\n<p>Originale KR 50 SV:<\/p>\r\n\r\n\r\n\r\n<div class=\"wp-block-image\">\r\n<figure class=\"aligncenter\"><a href=\"http:\/\/victoria-rad.de\/?attachment_id=2067\" target=\"_blank\" rel=\"noopener noreferrer\"><img loading=\"lazy\" decoding=\"async\" class=\"aligncenter wp-image-2067\" src=\"http:\/\/victoria-rad.de\/wp-content\/uploads\/2018\/09\/IMG_20141127_0128-300x247.jpg\" alt=\"\" width=\"300\" height=\"247\" srcset=\"https:\/\/victoria-rad.de\/wp-content\/uploads\/2018\/09\/IMG_20141127_0128-300x247.jpg 300w, https:\/\/victoria-rad.de\/wp-content\/uploads\/2018\/09\/IMG_20141127_0128-768x632.jpg 768w, https:\/\/victoria-rad.de\/wp-content\/uploads\/2018\/09\/IMG_20141127_0128-1024x843.jpg 1024w\" sizes=\"auto, (max-width: 300px) 100vw, 300px\" \/><\/a><\/figure>\r\n<\/div>\r\n\r\n\r\n\r\n<div class=\"wp-block-image\">\r\n<figure class=\"aligncenter\"><a href=\"http:\/\/victoria-rad.de\/wp-content\/uploads\/2018\/09\/20161013_114104_001-e1537870167895.jpg\" target=\"_blank\" rel=\"noopener noreferrer\"><img loading=\"lazy\" decoding=\"async\" class=\"aligncenter wp-image-2114\" src=\"http:\/\/victoria-rad.de\/wp-content\/uploads\/2018\/09\/20161013_114104_001-e1537870167895-300x169.jpg\" alt=\"\" width=\"300\" height=\"169\" srcset=\"https:\/\/victoria-rad.de\/wp-content\/uploads\/2018\/09\/20161013_114104_001-e1537870167895-300x169.jpg 300w, https:\/\/victoria-rad.de\/wp-content\/uploads\/2018\/09\/20161013_114104_001-e1537870167895-768x432.jpg 768w, https:\/\/victoria-rad.de\/wp-content\/uploads\/2018\/09\/20161013_114104_001-e1537870167895-1024x576.jpg 1024w\" sizes=\"auto, (max-width: 300px) 100vw, 300px\" \/><\/a><\/figure>\r\n<\/div>\r\n\r\n\r\n\r\n<div class=\"wp-block-image\">\r\n<figure class=\"aligncenter\"><a href=\"http:\/\/victoria-rad.de\/wp-content\/uploads\/2018\/09\/IMG_20180924_0015.jpg\" target=\"_blank\" rel=\"noopener noreferrer\"><img loading=\"lazy\" decoding=\"async\" class=\"aligncenter wp-image-2098\" src=\"http:\/\/victoria-rad.de\/wp-content\/uploads\/2018\/09\/IMG_20180924_0015-300x224.jpg\" alt=\"\" width=\"300\" height=\"224\" srcset=\"https:\/\/victoria-rad.de\/wp-content\/uploads\/2018\/09\/IMG_20180924_0015-300x224.jpg 300w, https:\/\/victoria-rad.de\/wp-content\/uploads\/2018\/09\/IMG_20180924_0015-768x572.jpg 768w, https:\/\/victoria-rad.de\/wp-content\/uploads\/2018\/09\/IMG_20180924_0015-1024x763.jpg 1024w\" sizes=\"auto, (max-width: 300px) 100vw, 300px\" \/><\/a><\/figure>\r\n<\/div>\r\n\r\n\r\n\r\n\r\n\r\n<div class=\"wp-block-image\">\r\n<figure class=\"aligncenter\"><img loading=\"lazy\" decoding=\"async\" width=\"300\" height=\"14\" class=\"wp-image-1945 aligncenter\" src=\"http:\/\/victoria-rad.de\/wp-content\/uploads\/2018\/09\/58-300x14.png\" alt=\"\" srcset=\"https:\/\/victoria-rad.de\/wp-content\/uploads\/2018\/09\/58-300x14.png 300w, https:\/\/victoria-rad.de\/wp-content\/uploads\/2018\/09\/58.png 501w\" sizes=\"auto, (max-width: 300px) 100vw, 300px\" \/><\/figure>\r\n<\/div>\r\n","protected":false},"excerpt":{"rendered":"<p>Victoria KR 50 SV &#8211; Herstellung ab 1930&#8230; An die Erfolgsgeschichte der 350er Klasse anschlie\u00dfend, brachte Victoria die hubraumst\u00e4rkere KR 50 mit 500 ccm ( 495 ccm bei 79\/101 &#8211; B\/H ) mit der Leistung von 14 PS, Anfang 1930 auf den Markt. Die \u00e4u\u00dferen Umst\u00e4nde, sprich &#8222;Schwarzer Freitag \/ Weltwirtschaftskrise&#8220; waren nicht gerade verkaufsf\u00f6rdernd. &hellip; <a href=\"https:\/\/victoria-rad.de\/?p=2057\" class=\"more-link\"><span class=\"screen-reader-text\">Victoria &#8211; Motorrad &#8211; KR 50 SV Hubraumstarker &#8211; Seitenventiler &#8230;<\/span> weiterlesen<\/a><\/p>\n","protected":false},"author":1,"featured_media":0,"comment_status":"open","ping_status":"open","sticky":false,"template":"","format":"standard","meta":{"footnotes":""},"categories":[1],"tags":[],"class_list":["post-2057","post","type-post","status-publish","format-standard","hentry","category-uncategorized"],"_links":{"self":[{"href":"https:\/\/victoria-rad.de\/index.php?rest_route=\/wp\/v2\/posts\/2057","targetHints":{"allow":["GET"]}}],"collection":[{"href":"https:\/\/victoria-rad.de\/index.php?rest_route=\/wp\/v2\/posts"}],"about":[{"href":"https:\/\/victoria-rad.de\/index.php?rest_route=\/wp\/v2\/types\/post"}],"author":[{"embeddable":true,"href":"https:\/\/victoria-rad.de\/index.php?rest_route=\/wp\/v2\/users\/1"}],"replies":[{"embeddable":true,"href":"https:\/\/victoria-rad.de\/index.php?rest_route=%2Fwp%2Fv2%2Fcomments&post=2057"}],"version-history":[{"count":25,"href":"https:\/\/victoria-rad.de\/index.php?rest_route=\/wp\/v2\/posts\/2057\/revisions"}],"predecessor-version":[{"id":7506,"href":"https:\/\/victoria-rad.de\/index.php?rest_route=\/wp\/v2\/posts\/2057\/revisions\/7506"}],"wp:attachment":[{"href":"https:\/\/victoria-rad.de\/index.php?rest_route=%2Fwp%2Fv2%2Fmedia&parent=2057"}],"wp:term":[{"taxonomy":"category","embeddable":true,"href":"https:\/\/victoria-rad.de\/index.php?rest_route=%2Fwp%2Fv2%2Fcategories&post=2057"},{"taxonomy":"post_tag","embeddable":true,"href":"https:\/\/victoria-rad.de\/index.php?rest_route=%2Fwp%2Fv2%2Ftags&post=2057"}],"curies":[{"name":"wp","href":"https:\/\/api.w.org\/{rel}","templated":true}]}}