{"id":4536,"date":"2019-05-29T15:30:37","date_gmt":"2019-05-29T15:30:37","guid":{"rendered":"http:\/\/victoria-rad.de\/?p=4536"},"modified":"2020-01-29T15:09:29","modified_gmt":"2020-01-29T15:09:29","slug":"victoria-vorsteckwagen-auf-der-8-kaiser-franz-josefs-fahrt-in-bad-ischl","status":"publish","type":"post","link":"https:\/\/victoria-rad.de\/?p=4536","title":{"rendered":"Motorrad &#8211; Victoria &#8211; Vorsteckwagen auf der 8. Kaiser Franz Josef Fahrt in Bad Ischl&#8230;"},"content":{"rendered":"<p><strong>Am 20. Oktober 2018 fand wieder die einmalige Fahrt und Treffen der zwei und dreir\u00e4drigen Pioniere bis 1929 statt. Bei sch\u00f6nem Wetter in dieser Jahreszeit, nicht immer gegeben, fuhren die &#8222;Alten&#8220; den abgesperrten Stadtkurs im Bereich eines Rundkurses durch die Fu\u00dfg\u00e4ngerzone.<\/strong>\u00a0<strong>Wir waren auch dabei, mit unserem Victoria &#8211; Vorsteckwagen von 1904, welcher vor ca. 25 Jahren aus vielen originalen Teilen als &#8222;NACHBAU&#8220; das Licht der Welt erblickte.<\/strong><\/p>\n<p>Die folgenden Seiten aus dem VfV Heft Ausgabe 2\/2019, also brandneu, wurde vom VFV freundlicherweise f\u00fcr diesen Beitrag zur Ver\u00f6ffentlichung frei gegeben. Besonderer Dank gilt auf dem Veranstalter, Herrn Hannes Denzel, der sich immer viel M\u00fche mit der grandiosen Veranstaltung gibt.<\/p>\n<p><strong>VFV &#8211; Bericht:<\/strong><\/p>\n<p><a href=\"http:\/\/victoria-rad.de\/wp-content\/uploads\/2019\/05\/200-1.jpg\" target=\"_blank\" rel=\"noopener noreferrer\"><img loading=\"lazy\" decoding=\"async\" class=\"aligncenter wp-image-4538 size-medium\" src=\"http:\/\/victoria-rad.de\/wp-content\/uploads\/2019\/05\/200-1-210x300.jpg\" alt=\"\" width=\"210\" height=\"300\" srcset=\"https:\/\/victoria-rad.de\/wp-content\/uploads\/2019\/05\/200-1-210x300.jpg 210w, https:\/\/victoria-rad.de\/wp-content\/uploads\/2019\/05\/200-1-105x150.jpg 105w, https:\/\/victoria-rad.de\/wp-content\/uploads\/2019\/05\/200-1-768x1099.jpg 768w, https:\/\/victoria-rad.de\/wp-content\/uploads\/2019\/05\/200-1-715x1024.jpg 715w, https:\/\/victoria-rad.de\/wp-content\/uploads\/2019\/05\/200-1.jpg 800w\" sizes=\"auto, (max-width: 210px) 100vw, 210px\" \/><\/a><\/p>\n<p><a href=\"http:\/\/victoria-rad.de\/wp-content\/uploads\/2019\/05\/201-1.jpg\" target=\"_blank\" rel=\"noopener noreferrer\"><img loading=\"lazy\" decoding=\"async\" class=\"aligncenter wp-image-4539 size-medium\" src=\"http:\/\/victoria-rad.de\/wp-content\/uploads\/2019\/05\/201-1-192x300.jpg\" alt=\"\" width=\"192\" height=\"300\" srcset=\"https:\/\/victoria-rad.de\/wp-content\/uploads\/2019\/05\/201-1-192x300.jpg 192w, https:\/\/victoria-rad.de\/wp-content\/uploads\/2019\/05\/201-1-96x150.jpg 96w, https:\/\/victoria-rad.de\/wp-content\/uploads\/2019\/05\/201-1-768x1198.jpg 768w, https:\/\/victoria-rad.de\/wp-content\/uploads\/2019\/05\/201-1-656x1024.jpg 656w, https:\/\/victoria-rad.de\/wp-content\/uploads\/2019\/05\/201-1.jpg 800w\" sizes=\"auto, (max-width: 192px) 100vw, 192px\" \/><\/a><\/p>\n<p><a href=\"http:\/\/victoria-rad.de\/wp-content\/uploads\/2019\/05\/202-1.jpg\" target=\"_blank\" rel=\"noopener noreferrer\"><img loading=\"lazy\" decoding=\"async\" class=\"aligncenter wp-image-4540 size-medium\" src=\"http:\/\/victoria-rad.de\/wp-content\/uploads\/2019\/05\/202-1-209x300.jpg\" alt=\"\" width=\"209\" height=\"300\" srcset=\"https:\/\/victoria-rad.de\/wp-content\/uploads\/2019\/05\/202-1-209x300.jpg 209w, https:\/\/victoria-rad.de\/wp-content\/uploads\/2019\/05\/202-1-105x150.jpg 105w, https:\/\/victoria-rad.de\/wp-content\/uploads\/2019\/05\/202-1-768x1102.jpg 768w, https:\/\/victoria-rad.de\/wp-content\/uploads\/2019\/05\/202-1-714x1024.jpg 714w, https:\/\/victoria-rad.de\/wp-content\/uploads\/2019\/05\/202-1.jpg 800w\" sizes=\"auto, (max-width: 209px) 100vw, 209px\" \/><\/a><\/p>\n<p>Bilder von einigen Fahrzeugen:<\/p>\n<p><a href=\"http:\/\/victoria-rad.de\/wp-content\/uploads\/2019\/05\/206.jpg\" target=\"_blank\" rel=\"noopener noreferrer\"><img loading=\"lazy\" decoding=\"async\" class=\"aligncenter wp-image-4541 size-medium\" src=\"http:\/\/victoria-rad.de\/wp-content\/uploads\/2019\/05\/206-300x169.jpg\" alt=\"\" width=\"300\" height=\"169\" srcset=\"https:\/\/victoria-rad.de\/wp-content\/uploads\/2019\/05\/206-300x169.jpg 300w, https:\/\/victoria-rad.de\/wp-content\/uploads\/2019\/05\/206-150x84.jpg 150w, https:\/\/victoria-rad.de\/wp-content\/uploads\/2019\/05\/206-768x432.jpg 768w, https:\/\/victoria-rad.de\/wp-content\/uploads\/2019\/05\/206.jpg 820w\" sizes=\"auto, (max-width: 300px) 100vw, 300px\" \/><\/a><a href=\"http:\/\/victoria-rad.de\/wp-content\/uploads\/2019\/05\/20181020_095226.jpg\" target=\"_blank\" rel=\"noopener noreferrer\"><img loading=\"lazy\" decoding=\"async\" class=\"aligncenter wp-image-4542 size-medium\" src=\"http:\/\/victoria-rad.de\/wp-content\/uploads\/2019\/05\/20181020_095226-300x169.jpg\" alt=\"\" width=\"300\" height=\"169\" srcset=\"https:\/\/victoria-rad.de\/wp-content\/uploads\/2019\/05\/20181020_095226-300x169.jpg 300w, https:\/\/victoria-rad.de\/wp-content\/uploads\/2019\/05\/20181020_095226-150x84.jpg 150w, https:\/\/victoria-rad.de\/wp-content\/uploads\/2019\/05\/20181020_095226-768x432.jpg 768w, https:\/\/victoria-rad.de\/wp-content\/uploads\/2019\/05\/20181020_095226.jpg 800w\" sizes=\"auto, (max-width: 300px) 100vw, 300px\" \/><\/a><a href=\"http:\/\/victoria-rad.de\/wp-content\/uploads\/2019\/05\/20181020_095246.jpg\" target=\"_blank\" rel=\"noopener noreferrer\"><img loading=\"lazy\" decoding=\"async\" class=\"aligncenter wp-image-4543 size-medium\" src=\"http:\/\/victoria-rad.de\/wp-content\/uploads\/2019\/05\/20181020_095246-300x169.jpg\" alt=\"\" width=\"300\" height=\"169\" srcset=\"https:\/\/victoria-rad.de\/wp-content\/uploads\/2019\/05\/20181020_095246-300x169.jpg 300w, https:\/\/victoria-rad.de\/wp-content\/uploads\/2019\/05\/20181020_095246-150x84.jpg 150w, https:\/\/victoria-rad.de\/wp-content\/uploads\/2019\/05\/20181020_095246-768x432.jpg 768w, https:\/\/victoria-rad.de\/wp-content\/uploads\/2019\/05\/20181020_095246.jpg 800w\" sizes=\"auto, (max-width: 300px) 100vw, 300px\" \/><\/a><a href=\"http:\/\/victoria-rad.de\/wp-content\/uploads\/2019\/05\/20181020_095822.jpg\" target=\"_blank\" rel=\"noopener noreferrer\"><img loading=\"lazy\" decoding=\"async\" class=\"aligncenter wp-image-4544 size-medium\" src=\"http:\/\/victoria-rad.de\/wp-content\/uploads\/2019\/05\/20181020_095822-300x169.jpg\" alt=\"\" width=\"300\" height=\"169\" srcset=\"https:\/\/victoria-rad.de\/wp-content\/uploads\/2019\/05\/20181020_095822-300x169.jpg 300w, https:\/\/victoria-rad.de\/wp-content\/uploads\/2019\/05\/20181020_095822-150x84.jpg 150w, https:\/\/victoria-rad.de\/wp-content\/uploads\/2019\/05\/20181020_095822-768x432.jpg 768w, https:\/\/victoria-rad.de\/wp-content\/uploads\/2019\/05\/20181020_095822.jpg 800w\" sizes=\"auto, (max-width: 300px) 100vw, 300px\" \/><\/a><a href=\"http:\/\/victoria-rad.de\/wp-content\/uploads\/2019\/05\/20181020_100331.jpg\" target=\"_blank\" rel=\"noopener noreferrer\"><img loading=\"lazy\" decoding=\"async\" class=\"aligncenter wp-image-4545 size-medium\" src=\"http:\/\/victoria-rad.de\/wp-content\/uploads\/2019\/05\/20181020_100331-300x169.jpg\" alt=\"\" width=\"300\" height=\"169\" srcset=\"https:\/\/victoria-rad.de\/wp-content\/uploads\/2019\/05\/20181020_100331-300x169.jpg 300w, https:\/\/victoria-rad.de\/wp-content\/uploads\/2019\/05\/20181020_100331-150x84.jpg 150w, https:\/\/victoria-rad.de\/wp-content\/uploads\/2019\/05\/20181020_100331-768x432.jpg 768w, https:\/\/victoria-rad.de\/wp-content\/uploads\/2019\/05\/20181020_100331.jpg 800w\" sizes=\"auto, (max-width: 300px) 100vw, 300px\" \/><\/a><a href=\"http:\/\/victoria-rad.de\/wp-content\/uploads\/2019\/05\/20181020_100441.jpg\" target=\"_blank\" rel=\"noopener noreferrer\"><img loading=\"lazy\" decoding=\"async\" class=\"aligncenter wp-image-4546 size-medium\" src=\"http:\/\/victoria-rad.de\/wp-content\/uploads\/2019\/05\/20181020_100441-169x300.jpg\" alt=\"\" width=\"169\" height=\"300\" srcset=\"https:\/\/victoria-rad.de\/wp-content\/uploads\/2019\/05\/20181020_100441-169x300.jpg 169w, https:\/\/victoria-rad.de\/wp-content\/uploads\/2019\/05\/20181020_100441-84x150.jpg 84w, https:\/\/victoria-rad.de\/wp-content\/uploads\/2019\/05\/20181020_100441-768x1365.jpg 768w, https:\/\/victoria-rad.de\/wp-content\/uploads\/2019\/05\/20181020_100441-576x1024.jpg 576w, https:\/\/victoria-rad.de\/wp-content\/uploads\/2019\/05\/20181020_100441.jpg 800w\" sizes=\"auto, (max-width: 169px) 100vw, 169px\" \/><\/a><a href=\"http:\/\/victoria-rad.de\/wp-content\/uploads\/2019\/05\/20181020_100940.jpg\" target=\"_blank\" rel=\"noopener noreferrer\"><img loading=\"lazy\" decoding=\"async\" class=\"aligncenter wp-image-4547 size-medium\" src=\"http:\/\/victoria-rad.de\/wp-content\/uploads\/2019\/05\/20181020_100940-300x169.jpg\" alt=\"\" width=\"300\" height=\"169\" srcset=\"https:\/\/victoria-rad.de\/wp-content\/uploads\/2019\/05\/20181020_100940-300x169.jpg 300w, https:\/\/victoria-rad.de\/wp-content\/uploads\/2019\/05\/20181020_100940-150x84.jpg 150w, https:\/\/victoria-rad.de\/wp-content\/uploads\/2019\/05\/20181020_100940-768x432.jpg 768w, https:\/\/victoria-rad.de\/wp-content\/uploads\/2019\/05\/20181020_100940.jpg 800w\" sizes=\"auto, (max-width: 300px) 100vw, 300px\" \/><\/a><a href=\"http:\/\/victoria-rad.de\/wp-content\/uploads\/2019\/05\/20181020_155018.jpg\" target=\"_blank\" rel=\"noopener noreferrer\"><img loading=\"lazy\" decoding=\"async\" class=\"aligncenter wp-image-4548 size-medium\" src=\"http:\/\/victoria-rad.de\/wp-content\/uploads\/2019\/05\/20181020_155018-300x169.jpg\" alt=\"\" width=\"300\" height=\"169\" srcset=\"https:\/\/victoria-rad.de\/wp-content\/uploads\/2019\/05\/20181020_155018-300x169.jpg 300w, https:\/\/victoria-rad.de\/wp-content\/uploads\/2019\/05\/20181020_155018-150x84.jpg 150w, https:\/\/victoria-rad.de\/wp-content\/uploads\/2019\/05\/20181020_155018-768x432.jpg 768w, https:\/\/victoria-rad.de\/wp-content\/uploads\/2019\/05\/20181020_155018.jpg 800w\" sizes=\"auto, (max-width: 300px) 100vw, 300px\" \/><\/a><a href=\"http:\/\/victoria-rad.de\/wp-content\/uploads\/2019\/05\/20181020_155030.jpg\" target=\"_blank\" rel=\"noopener noreferrer\"><img loading=\"lazy\" decoding=\"async\" class=\"aligncenter wp-image-4549 size-medium\" src=\"http:\/\/victoria-rad.de\/wp-content\/uploads\/2019\/05\/20181020_155030-300x169.jpg\" alt=\"\" width=\"300\" height=\"169\" srcset=\"https:\/\/victoria-rad.de\/wp-content\/uploads\/2019\/05\/20181020_155030-300x169.jpg 300w, https:\/\/victoria-rad.de\/wp-content\/uploads\/2019\/05\/20181020_155030-150x84.jpg 150w, https:\/\/victoria-rad.de\/wp-content\/uploads\/2019\/05\/20181020_155030-768x432.jpg 768w, https:\/\/victoria-rad.de\/wp-content\/uploads\/2019\/05\/20181020_155030.jpg 800w\" sizes=\"auto, (max-width: 300px) 100vw, 300px\" \/><\/a><a href=\"http:\/\/victoria-rad.de\/wp-content\/uploads\/2019\/05\/20181020_155130.jpg\" target=\"_blank\" rel=\"noopener noreferrer\"><img loading=\"lazy\" decoding=\"async\" class=\"aligncenter wp-image-4550 size-medium\" src=\"http:\/\/victoria-rad.de\/wp-content\/uploads\/2019\/05\/20181020_155130-300x169.jpg\" alt=\"\" width=\"300\" height=\"169\" srcset=\"https:\/\/victoria-rad.de\/wp-content\/uploads\/2019\/05\/20181020_155130-300x169.jpg 300w, https:\/\/victoria-rad.de\/wp-content\/uploads\/2019\/05\/20181020_155130-150x84.jpg 150w, https:\/\/victoria-rad.de\/wp-content\/uploads\/2019\/05\/20181020_155130-768x432.jpg 768w, https:\/\/victoria-rad.de\/wp-content\/uploads\/2019\/05\/20181020_155130.jpg 800w\" sizes=\"auto, (max-width: 300px) 100vw, 300px\" \/><\/a><\/p>\n<p>Die IG-Mitglieder, unser Roman und Rupert, waren nat\u00fcrlich auch mit von der Partie:<\/p>\n<p style=\"text-align: center;\"><a href=\"http:\/\/victoria-rad.de\/wp-content\/uploads\/2019\/05\/20181020_125908.jpg\" target=\"_blank\" rel=\"noopener noreferrer\"><img loading=\"lazy\" decoding=\"async\" class=\"alignnone wp-image-4551 size-medium\" src=\"http:\/\/victoria-rad.de\/wp-content\/uploads\/2019\/05\/20181020_125908-300x169.jpg\" alt=\"\" width=\"300\" height=\"169\" srcset=\"https:\/\/victoria-rad.de\/wp-content\/uploads\/2019\/05\/20181020_125908-300x169.jpg 300w, https:\/\/victoria-rad.de\/wp-content\/uploads\/2019\/05\/20181020_125908-150x84.jpg 150w, https:\/\/victoria-rad.de\/wp-content\/uploads\/2019\/05\/20181020_125908-768x432.jpg 768w, https:\/\/victoria-rad.de\/wp-content\/uploads\/2019\/05\/20181020_125908.jpg 800w\" sizes=\"auto, (max-width: 300px) 100vw, 300px\" \/><\/a><\/p>\n<p>Video &#8211; Victoria &#8211; Vorsteckwagen auf der &#8222;Saxonia 100&#8220; in Dresden 2014:<\/p>\n<div style=\"width: 640px;\" class=\"wp-video\"><video class=\"wp-video-shortcode\" id=\"video-4536-1\" width=\"640\" height=\"352\" preload=\"metadata\" controls=\"controls\"><source type=\"video\/mp4\" src=\"http:\/\/victoria-rad.de\/wp-content\/uploads\/2019\/05\/FahrtVorsteckwagen.mp4?_=1\" \/><a href=\"http:\/\/victoria-rad.de\/wp-content\/uploads\/2019\/05\/FahrtVorsteckwagen.mp4\">http:\/\/victoria-rad.de\/wp-content\/uploads\/2019\/05\/FahrtVorsteckwagen.mp4<\/a><\/video><\/div>\n<p><a href=\"http:\/\/victoria-rad.de\/wp-content\/uploads\/2019\/05\/IMG_20190312_0002.jpg\" target=\"_blank\" rel=\"noopener noreferrer\"><img loading=\"lazy\" decoding=\"async\" class=\"aligncenter wp-image-4286 size-medium\" src=\"http:\/\/victoria-rad.de\/wp-content\/uploads\/2019\/05\/IMG_20190312_0002-300x102.jpg\" alt=\"\" width=\"300\" height=\"102\" srcset=\"https:\/\/victoria-rad.de\/wp-content\/uploads\/2019\/05\/IMG_20190312_0002-300x102.jpg 300w, https:\/\/victoria-rad.de\/wp-content\/uploads\/2019\/05\/IMG_20190312_0002-150x51.jpg 150w, https:\/\/victoria-rad.de\/wp-content\/uploads\/2019\/05\/IMG_20190312_0002-768x261.jpg 768w, https:\/\/victoria-rad.de\/wp-content\/uploads\/2019\/05\/IMG_20190312_0002-1024x347.jpg 1024w\" sizes=\"auto, (max-width: 300px) 100vw, 300px\" \/><\/a><br \/>\n<img loading=\"lazy\" decoding=\"async\" class=\"alignnone size-medium wp-image-4287 aligncenter\" src=\"http:\/\/victoria-rad.de\/wp-content\/uploads\/2019\/05\/58-1-300x14.png\" alt=\"\" width=\"300\" height=\"14\" srcset=\"https:\/\/victoria-rad.de\/wp-content\/uploads\/2019\/05\/58-1-300x14.png 300w, https:\/\/victoria-rad.de\/wp-content\/uploads\/2019\/05\/58-1-150x7.png 150w, https:\/\/victoria-rad.de\/wp-content\/uploads\/2019\/05\/58-1.png 501w\" sizes=\"auto, (max-width: 300px) 100vw, 300px\" \/><\/p>\n<p>&nbsp;<\/p>\n","protected":false},"excerpt":{"rendered":"<p>Am 20. Oktober 2018 fand wieder die einmalige Fahrt und Treffen der zwei und dreir\u00e4drigen Pioniere bis 1929 statt. Bei sch\u00f6nem Wetter in dieser Jahreszeit, nicht immer gegeben, fuhren die &#8222;Alten&#8220; den abgesperrten Stadtkurs im Bereich eines Rundkurses durch die Fu\u00dfg\u00e4ngerzone.\u00a0Wir waren auch dabei, mit unserem Victoria &#8211; Vorsteckwagen von 1904, welcher vor ca. 25 &hellip; <a href=\"https:\/\/victoria-rad.de\/?p=4536\" class=\"more-link\"><span class=\"screen-reader-text\">Motorrad &#8211; Victoria &#8211; Vorsteckwagen auf der 8. Kaiser Franz Josef Fahrt in Bad Ischl&#8230;<\/span> weiterlesen<\/a><\/p>\n","protected":false},"author":1,"featured_media":0,"comment_status":"open","ping_status":"open","sticky":false,"template":"","format":"standard","meta":{"footnotes":""},"categories":[1],"tags":[],"class_list":["post-4536","post","type-post","status-publish","format-standard","hentry","category-uncategorized"],"_links":{"self":[{"href":"https:\/\/victoria-rad.de\/index.php?rest_route=\/wp\/v2\/posts\/4536","targetHints":{"allow":["GET"]}}],"collection":[{"href":"https:\/\/victoria-rad.de\/index.php?rest_route=\/wp\/v2\/posts"}],"about":[{"href":"https:\/\/victoria-rad.de\/index.php?rest_route=\/wp\/v2\/types\/post"}],"author":[{"embeddable":true,"href":"https:\/\/victoria-rad.de\/index.php?rest_route=\/wp\/v2\/users\/1"}],"replies":[{"embeddable":true,"href":"https:\/\/victoria-rad.de\/index.php?rest_route=%2Fwp%2Fv2%2Fcomments&post=4536"}],"version-history":[{"count":10,"href":"https:\/\/victoria-rad.de\/index.php?rest_route=\/wp\/v2\/posts\/4536\/revisions"}],"predecessor-version":[{"id":7568,"href":"https:\/\/victoria-rad.de\/index.php?rest_route=\/wp\/v2\/posts\/4536\/revisions\/7568"}],"wp:attachment":[{"href":"https:\/\/victoria-rad.de\/index.php?rest_route=%2Fwp%2Fv2%2Fmedia&parent=4536"}],"wp:term":[{"taxonomy":"category","embeddable":true,"href":"https:\/\/victoria-rad.de\/index.php?rest_route=%2Fwp%2Fv2%2Fcategories&post=4536"},{"taxonomy":"post_tag","embeddable":true,"href":"https:\/\/victoria-rad.de\/index.php?rest_route=%2Fwp%2Fv2%2Ftags&post=4536"}],"curies":[{"name":"wp","href":"https:\/\/api.w.org\/{rel}","templated":true}]}}