{"id":57,"date":"2018-03-21T14:37:35","date_gmt":"2018-03-21T14:37:35","guid":{"rendered":"http:\/\/victoria-rad.de\/?p=57"},"modified":"2020-01-29T19:44:53","modified_gmt":"2020-01-29T19:44:53","slug":"frankenburgerottenstein-victoria-weitere-fahrmaschinen-ab-1892","status":"publish","type":"post","link":"https:\/\/victoria-rad.de\/?p=57","title":{"rendered":"Victoria &#8211; Fahrrad &#8211; Frankenburger&#038;Ottenstein \/ Victoria weitere Fahrmaschinen ab 1892"},"content":{"rendered":"<p><strong>Im nachfolgenden Teil finden Sie eine Auswahl an R\u00e4dern und Maschinen:<\/strong><\/p>\n<p>&nbsp;<\/p>\n<p><a href=\"http:\/\/victoria-rad.de\/wp-content\/uploads\/2018\/03\/8-Victoria-AB.png\" target=\"_blank\" rel=\"noopener noreferrer\"><img loading=\"lazy\" decoding=\"async\" class=\"aligncenter wp-image-58 size-medium\" src=\"http:\/\/victoria-rad.de\/wp-content\/uploads\/2018\/03\/8-Victoria-AB-300x219.png\" alt=\"\" width=\"300\" height=\"219\" srcset=\"https:\/\/victoria-rad.de\/wp-content\/uploads\/2018\/03\/8-Victoria-AB-300x219.png 300w, https:\/\/victoria-rad.de\/wp-content\/uploads\/2018\/03\/8-Victoria-AB-768x559.png 768w, https:\/\/victoria-rad.de\/wp-content\/uploads\/2018\/03\/8-Victoria-AB-1024x746.png 1024w, https:\/\/victoria-rad.de\/wp-content\/uploads\/2018\/03\/8-Victoria-AB.png 1908w\" sizes=\"auto, (max-width: 300px) 100vw, 300px\" \/><\/a><\/p>\n<p>Das hochelegante Rad mit Triangelgestell hatte viele Liebhaber, die eine leichtgehende und stabile Maschine wollten. Preis damals 400,- Reichsmark inklusive Gummi an beiden R\u00e4dern.<\/p>\n<p><a href=\"http:\/\/victoria-rad.de\/wp-content\/uploads\/2018\/03\/12Victoria-B.png\" target=\"_blank\" rel=\"noopener noreferrer\"><img loading=\"lazy\" decoding=\"async\" class=\"aligncenter wp-image-59 size-medium\" src=\"http:\/\/victoria-rad.de\/wp-content\/uploads\/2018\/03\/12Victoria-B-300x213.png\" alt=\"\" width=\"300\" height=\"213\" srcset=\"https:\/\/victoria-rad.de\/wp-content\/uploads\/2018\/03\/12Victoria-B-300x213.png 300w, https:\/\/victoria-rad.de\/wp-content\/uploads\/2018\/03\/12Victoria-B-768x545.png 768w, https:\/\/victoria-rad.de\/wp-content\/uploads\/2018\/03\/12Victoria-B-1024x727.png 1024w, https:\/\/victoria-rad.de\/wp-content\/uploads\/2018\/03\/12Victoria-B.png 1910w\" sizes=\"auto, (max-width: 300px) 100vw, 300px\" \/><\/a><\/p>\n<p>Eine g\u00fcnstigere Rahmenbaumaschine war das Modell B, schon damals pries man das Modell als -erheblich billiger- an. 335,- Reichsmark.<\/p>\n<p><a href=\"http:\/\/victoria-rad.de\/wp-content\/uploads\/2018\/03\/13-Victoria-C.png\" target=\"_blank\" rel=\"noopener noreferrer\"><img loading=\"lazy\" decoding=\"async\" class=\"aligncenter wp-image-60 size-medium\" src=\"http:\/\/victoria-rad.de\/wp-content\/uploads\/2018\/03\/13-Victoria-C-300x215.png\" alt=\"\" width=\"300\" height=\"215\" srcset=\"https:\/\/victoria-rad.de\/wp-content\/uploads\/2018\/03\/13-Victoria-C-300x215.png 300w, https:\/\/victoria-rad.de\/wp-content\/uploads\/2018\/03\/13-Victoria-C-768x549.png 768w, https:\/\/victoria-rad.de\/wp-content\/uploads\/2018\/03\/13-Victoria-C-1024x733.png 1024w, https:\/\/victoria-rad.de\/wp-content\/uploads\/2018\/03\/13-Victoria-C.png 1890w\" sizes=\"auto, (max-width: 300px) 100vw, 300px\" \/><\/a><\/p>\n<p>Victoria C &#8211; Kreuzgestell mit Nackenf\u00fchrung, die obereVerbindungsstrebe verleiht der Maschine eine noch gr\u00f6\u00dfere Stabilit\u00e4t.<\/p>\n<p><a href=\"http:\/\/victoria-rad.de\/wp-content\/uploads\/2018\/03\/14-Damen-Sicherheitszweirad-Victoria.png\" target=\"_blank\" rel=\"noopener noreferrer\"><img loading=\"lazy\" decoding=\"async\" class=\"aligncenter wp-image-61 size-medium\" src=\"http:\/\/victoria-rad.de\/wp-content\/uploads\/2018\/03\/14-Damen-Sicherheitszweirad-Victoria-300x216.png\" alt=\"\" width=\"300\" height=\"216\" srcset=\"https:\/\/victoria-rad.de\/wp-content\/uploads\/2018\/03\/14-Damen-Sicherheitszweirad-Victoria-300x216.png 300w, https:\/\/victoria-rad.de\/wp-content\/uploads\/2018\/03\/14-Damen-Sicherheitszweirad-Victoria-768x553.png 768w, https:\/\/victoria-rad.de\/wp-content\/uploads\/2018\/03\/14-Damen-Sicherheitszweirad-Victoria-1024x737.png 1024w, https:\/\/victoria-rad.de\/wp-content\/uploads\/2018\/03\/14-Damen-Sicherheitszweirad-Victoria.png 1880w\" sizes=\"auto, (max-width: 300px) 100vw, 300px\" \/><\/a><\/p>\n<p>Sehr elegante Ausf\u00fchrung das Ladies `Safety. Reichsmark: 380,-<\/p>\n<p><a href=\"http:\/\/victoria-rad.de\/wp-content\/uploads\/2018\/03\/15-Milit\u00e4-u-Jagd-SZ.png\" target=\"_blank\" rel=\"noopener noreferrer\"><img loading=\"lazy\" decoding=\"async\" class=\"aligncenter wp-image-62 size-medium\" src=\"http:\/\/victoria-rad.de\/wp-content\/uploads\/2018\/03\/15-Milit\u00e4-u-Jagd-SZ-300x226.png\" alt=\"\" width=\"300\" height=\"226\" srcset=\"https:\/\/victoria-rad.de\/wp-content\/uploads\/2018\/03\/15-Milit\u00e4-u-Jagd-SZ-300x226.png 300w, https:\/\/victoria-rad.de\/wp-content\/uploads\/2018\/03\/15-Milit\u00e4-u-Jagd-SZ-768x579.png 768w, https:\/\/victoria-rad.de\/wp-content\/uploads\/2018\/03\/15-Milit\u00e4-u-Jagd-SZ-1024x771.png 1024w, https:\/\/victoria-rad.de\/wp-content\/uploads\/2018\/03\/15-Milit\u00e4-u-Jagd-SZ.png 1808w\" sizes=\"auto, (max-width: 300px) 100vw, 300px\" \/><\/a><\/p>\n<p>Das f\u00fcr Milit\u00e4rzwecke angefertigte Sicherheitszweirad war mit allenNeuerungen versehen. Die Aufnahme des Gewehres und des Tornisters war so angebracht, dass man sie in einem Moment abnehmen und anbringen konnte. Den St\u00e4nder, \u00fcbrigens einer der ersten, nannte man damals &#8211; Steilvorrichtung -.<\/p>\n<p><a href=\"http:\/\/victoria-rad.de\/wp-content\/uploads\/2018\/03\/16-Tandem.png\" target=\"_blank\" rel=\"noopener noreferrer\"><img loading=\"lazy\" decoding=\"async\" class=\"aligncenter wp-image-63 size-medium\" src=\"http:\/\/victoria-rad.de\/wp-content\/uploads\/2018\/03\/16-Tandem-300x205.png\" alt=\"\" width=\"300\" height=\"205\" srcset=\"https:\/\/victoria-rad.de\/wp-content\/uploads\/2018\/03\/16-Tandem-300x205.png 300w, https:\/\/victoria-rad.de\/wp-content\/uploads\/2018\/03\/16-Tandem-768x525.png 768w, https:\/\/victoria-rad.de\/wp-content\/uploads\/2018\/03\/16-Tandem-1024x701.png 1024w, https:\/\/victoria-rad.de\/wp-content\/uploads\/2018\/03\/16-Tandem.png 1944w\" sizes=\"auto, (max-width: 300px) 100vw, 300px\" \/><\/a><\/p>\n<p>Das Doppelsitzige Sicherheits-Zweirad war f\u00fcr Damen-und Herren geeignet. Als Vorderbremse verbaute man die selbst\u00e4tig wirkende Victoriabremse, des eigenen DRP (Deutsches Reichspatent). Das Tandem war zum R\u00fcckbau in ein normales Fahrrad geeignet.<\/p>\n<p><a href=\"http:\/\/victoria-rad.de\/wp-content\/uploads\/2018\/03\/17-Dreirad-Excelsior.png\" target=\"_blank\" rel=\"noopener noreferrer\"><img loading=\"lazy\" decoding=\"async\" class=\"aligncenter wp-image-64 size-medium\" src=\"http:\/\/victoria-rad.de\/wp-content\/uploads\/2018\/03\/17-Dreirad-Excelsior-300x226.png\" alt=\"\" width=\"300\" height=\"226\" srcset=\"https:\/\/victoria-rad.de\/wp-content\/uploads\/2018\/03\/17-Dreirad-Excelsior-300x226.png 300w, https:\/\/victoria-rad.de\/wp-content\/uploads\/2018\/03\/17-Dreirad-Excelsior-768x580.png 768w, https:\/\/victoria-rad.de\/wp-content\/uploads\/2018\/03\/17-Dreirad-Excelsior-1024x773.png 1024w, https:\/\/victoria-rad.de\/wp-content\/uploads\/2018\/03\/17-Dreirad-Excelsior.png 1810w\" sizes=\"auto, (max-width: 300px) 100vw, 300px\" \/><\/a><\/p>\n<p>Das Dreirad Excelsior A&amp;AB war so konstruiert, dass es f\u00fcr Damen und Herren fahrbar war. Weiterhin war noch ein Transportdreirad, sowie eine Universalmaschine, welches einem doppelsitzigen Dreirad entspricht, verf\u00fcgbar.<\/p>\n<p><a href=\"http:\/\/victoria-rad.de\/wp-content\/uploads\/2018\/03\/18-Invalidenrad.png\" target=\"_blank\" rel=\"noopener noreferrer\"><img loading=\"lazy\" decoding=\"async\" class=\"aligncenter wp-image-65 size-medium\" src=\"http:\/\/victoria-rad.de\/wp-content\/uploads\/2018\/03\/18-Invalidenrad-300x219.png\" alt=\"\" width=\"300\" height=\"219\" srcset=\"https:\/\/victoria-rad.de\/wp-content\/uploads\/2018\/03\/18-Invalidenrad-300x219.png 300w, https:\/\/victoria-rad.de\/wp-content\/uploads\/2018\/03\/18-Invalidenrad-768x561.png 768w, https:\/\/victoria-rad.de\/wp-content\/uploads\/2018\/03\/18-Invalidenrad-1024x748.png 1024w, https:\/\/victoria-rad.de\/wp-content\/uploads\/2018\/03\/18-Invalidenrad.png 1898w\" sizes=\"auto, (max-width: 300px) 100vw, 300px\" \/><\/a><\/p>\n<p>Das Ivalidenrad, heute Rollstuhl genannt, war sehr bequem mit eleganter Konstruktion und wurde in mehreren Kliniken verwendet. Beide Vorderr\u00e4der wurden gesteuert, ohne \u00dcbersetzung hatte man einen ungemein leichten Gang. Preis: 650,- Reichsmark.<\/p>\n<p><a href=\"http:\/\/victoria-rad.de\/wp-content\/uploads\/2018\/03\/IMG_20141122_0003.jpg\" target=\"_blank\" rel=\"noopener noreferrer\"><img loading=\"lazy\" decoding=\"async\" class=\"aligncenter wp-image-548 size-medium\" src=\"http:\/\/victoria-rad.de\/wp-content\/uploads\/2018\/03\/IMG_20141122_0003-202x300.jpg\" alt=\"\" width=\"202\" height=\"300\" srcset=\"https:\/\/victoria-rad.de\/wp-content\/uploads\/2018\/03\/IMG_20141122_0003-202x300.jpg 202w, https:\/\/victoria-rad.de\/wp-content\/uploads\/2018\/03\/IMG_20141122_0003-768x1139.jpg 768w, https:\/\/victoria-rad.de\/wp-content\/uploads\/2018\/03\/IMG_20141122_0003-690x1024.jpg 690w\" sizes=\"auto, (max-width: 202px) 100vw, 202px\" \/><\/a> \u00a0 \u00a0 \u00a0 \u00a0 \u00a0 \u00a0 \u00a0 \u00a0 \u00a0 \u00a0 \u00a0 \u00a0 \u00a0 \u00a0 \u00a0 \u00a0 \u00a0 \u00a0 \u00a0 \u00a0 \u00a0 \u00a0 \u00a0 \u00a0 \u00a0\u00a0 Gesch\u00e4ftsbericht aus 1895.<\/p>\n<p style=\"text-align: center;\"><a href=\"http:\/\/victoria-rad.de\/wp-content\/uploads\/2018\/03\/IMG_20141122_0074.jpg\" target=\"_blank\" rel=\"noopener noreferrer\"><img loading=\"lazy\" decoding=\"async\" class=\"aligncenter wp-image-553 size-medium\" src=\"http:\/\/victoria-rad.de\/wp-content\/uploads\/2018\/03\/IMG_20141122_0074-216x300.jpg\" alt=\"\" width=\"216\" height=\"300\" srcset=\"https:\/\/victoria-rad.de\/wp-content\/uploads\/2018\/03\/IMG_20141122_0074-216x300.jpg 216w, https:\/\/victoria-rad.de\/wp-content\/uploads\/2018\/03\/IMG_20141122_0074-768x1069.jpg 768w, https:\/\/victoria-rad.de\/wp-content\/uploads\/2018\/03\/IMG_20141122_0074-736x1024.jpg 736w\" sizes=\"auto, (max-width: 216px) 100vw, 216px\" \/><\/a>Gesch\u00e4ftsbericht aus 1898.<\/p>\n<p>Kommunikation zwischen Hersteller und Kundschaft:<\/p>\n<p><a href=\"http:\/\/victoria-rad.de\/wp-content\/uploads\/2018\/03\/IMG_20180716_0003.jpg\" target=\"_blank\" rel=\"noopener noreferrer\"><img loading=\"lazy\" decoding=\"async\" class=\"aligncenter wp-image-629 size-medium\" src=\"http:\/\/victoria-rad.de\/wp-content\/uploads\/2018\/03\/IMG_20180716_0003-300x189.jpg\" alt=\"\" width=\"300\" height=\"189\" srcset=\"https:\/\/victoria-rad.de\/wp-content\/uploads\/2018\/03\/IMG_20180716_0003-300x189.jpg 300w, https:\/\/victoria-rad.de\/wp-content\/uploads\/2018\/03\/IMG_20180716_0003-768x484.jpg 768w, https:\/\/victoria-rad.de\/wp-content\/uploads\/2018\/03\/IMG_20180716_0003-1024x645.jpg 1024w\" sizes=\"auto, (max-width: 300px) 100vw, 300px\" \/><\/a><a href=\"http:\/\/victoria-rad.de\/wp-content\/uploads\/2018\/03\/IMG_20180716_0005.jpg\" target=\"_blank\" rel=\"noopener noreferrer\"><img loading=\"lazy\" decoding=\"async\" class=\"aligncenter wp-image-630 size-medium\" src=\"http:\/\/victoria-rad.de\/wp-content\/uploads\/2018\/03\/IMG_20180716_0005-300x190.jpg\" alt=\"\" width=\"300\" height=\"190\" srcset=\"https:\/\/victoria-rad.de\/wp-content\/uploads\/2018\/03\/IMG_20180716_0005-300x190.jpg 300w, https:\/\/victoria-rad.de\/wp-content\/uploads\/2018\/03\/IMG_20180716_0005-768x486.jpg 768w, https:\/\/victoria-rad.de\/wp-content\/uploads\/2018\/03\/IMG_20180716_0005-1024x648.jpg 1024w\" sizes=\"auto, (max-width: 300px) 100vw, 300px\" \/><\/a><\/p>\n<p><a href=\"http:\/\/victoria-rad.de\/wp-content\/uploads\/2018\/03\/IMG_20180716_0004.jpg\" target=\"_blank\" rel=\"noopener noreferrer\"><img loading=\"lazy\" decoding=\"async\" class=\"aligncenter wp-image-631 size-medium\" src=\"http:\/\/victoria-rad.de\/wp-content\/uploads\/2018\/03\/IMG_20180716_0004-300x185.jpg\" alt=\"\" width=\"300\" height=\"185\" srcset=\"https:\/\/victoria-rad.de\/wp-content\/uploads\/2018\/03\/IMG_20180716_0004-300x185.jpg 300w, https:\/\/victoria-rad.de\/wp-content\/uploads\/2018\/03\/IMG_20180716_0004-768x474.jpg 768w, https:\/\/victoria-rad.de\/wp-content\/uploads\/2018\/03\/IMG_20180716_0004-1024x632.jpg 1024w, https:\/\/victoria-rad.de\/wp-content\/uploads\/2018\/03\/IMG_20180716_0004-825x510.jpg 825w\" sizes=\"auto, (max-width: 300px) 100vw, 300px\" \/><\/a><a href=\"http:\/\/victoria-rad.de\/wp-content\/uploads\/2018\/03\/IMG_20180716_0006.jpg\" target=\"_blank\" rel=\"noopener noreferrer\"><img loading=\"lazy\" decoding=\"async\" class=\"aligncenter wp-image-632 size-medium\" src=\"http:\/\/victoria-rad.de\/wp-content\/uploads\/2018\/03\/IMG_20180716_0006-189x300.jpg\" alt=\"\" width=\"189\" height=\"300\" srcset=\"https:\/\/victoria-rad.de\/wp-content\/uploads\/2018\/03\/IMG_20180716_0006-189x300.jpg 189w, https:\/\/victoria-rad.de\/wp-content\/uploads\/2018\/03\/IMG_20180716_0006-768x1217.jpg 768w, https:\/\/victoria-rad.de\/wp-content\/uploads\/2018\/03\/IMG_20180716_0006-646x1024.jpg 646w\" sizes=\"auto, (max-width: 189px) 100vw, 189px\" \/><\/a><\/p>\n<p><a href=\"http:\/\/victoria-rad.de\/wp-content\/uploads\/2018\/03\/Bild-A9.jpg\" target=\"_blank\" rel=\"noopener noreferrer\"><img loading=\"lazy\" decoding=\"async\" class=\"aligncenter wp-image-1589 size-medium\" src=\"http:\/\/victoria-rad.de\/wp-content\/uploads\/2018\/03\/Bild-A9-300x199.jpg\" alt=\"\" width=\"300\" height=\"199\" srcset=\"https:\/\/victoria-rad.de\/wp-content\/uploads\/2018\/03\/Bild-A9-300x199.jpg 300w, https:\/\/victoria-rad.de\/wp-content\/uploads\/2018\/03\/Bild-A9-768x510.jpg 768w, https:\/\/victoria-rad.de\/wp-content\/uploads\/2018\/03\/Bild-A9-1024x681.jpg 1024w\" sizes=\"auto, (max-width: 300px) 100vw, 300px\" \/><\/a><\/p>\n<p><a href=\"http:\/\/victoria-rad.de\/wp-content\/uploads\/2018\/03\/IMG_20150717_0005.jpg\" target=\"_blank\" rel=\"noopener noreferrer\"><img loading=\"lazy\" decoding=\"async\" class=\"aligncenter wp-image-1591 size-medium\" src=\"http:\/\/victoria-rad.de\/wp-content\/uploads\/2018\/03\/IMG_20150717_0005-300x170.jpg\" alt=\"\" width=\"300\" height=\"170\" srcset=\"https:\/\/victoria-rad.de\/wp-content\/uploads\/2018\/03\/IMG_20150717_0005-300x170.jpg 300w, https:\/\/victoria-rad.de\/wp-content\/uploads\/2018\/03\/IMG_20150717_0005-768x435.jpg 768w, https:\/\/victoria-rad.de\/wp-content\/uploads\/2018\/03\/IMG_20150717_0005-1024x580.jpg 1024w\" sizes=\"auto, (max-width: 300px) 100vw, 300px\" \/><\/a><br \/>\n<a href=\"http:\/\/victoria-rad.de\/wp-content\/uploads\/2018\/03\/IMG_20180908_0002.jpg\" target=\"_blank\" rel=\"noopener noreferrer\"><img loading=\"lazy\" decoding=\"async\" class=\"aligncenter wp-image-1869 size-medium\" src=\"http:\/\/victoria-rad.de\/wp-content\/uploads\/2018\/03\/IMG_20180908_0002-300x108.jpg\" alt=\"\" width=\"300\" height=\"108\" srcset=\"https:\/\/victoria-rad.de\/wp-content\/uploads\/2018\/03\/IMG_20180908_0002-300x108.jpg 300w, https:\/\/victoria-rad.de\/wp-content\/uploads\/2018\/03\/IMG_20180908_0002-768x276.jpg 768w, https:\/\/victoria-rad.de\/wp-content\/uploads\/2018\/03\/IMG_20180908_0002-1024x367.jpg 1024w\" sizes=\"auto, (max-width: 300px) 100vw, 300px\" \/><\/a><\/p>\n<p>Der Rad-Pokal mit eingebauter Klingel diente h\u00f6chstwahrscheinlich als Signal f\u00fcr einen damaliges Verkaufslokal:<\/p>\n<p><a href=\"http:\/\/victoria-rad.de\/wp-content\/uploads\/2018\/07\/P1030497.jpg\" target=\"_blank\" rel=\"noopener noreferrer\"><img loading=\"lazy\" decoding=\"async\" class=\"aligncenter wp-image-520 size-medium\" src=\"http:\/\/victoria-rad.de\/wp-content\/uploads\/2018\/07\/P1030497-201x300.jpg\" alt=\"\" width=\"201\" height=\"300\" srcset=\"https:\/\/victoria-rad.de\/wp-content\/uploads\/2018\/07\/P1030497-201x300.jpg 201w, https:\/\/victoria-rad.de\/wp-content\/uploads\/2018\/07\/P1030497-768x1148.jpg 768w, https:\/\/victoria-rad.de\/wp-content\/uploads\/2018\/07\/P1030497-685x1024.jpg 685w, https:\/\/victoria-rad.de\/wp-content\/uploads\/2018\/07\/P1030497.jpg 1712w\" sizes=\"auto, (max-width: 201px) 100vw, 201px\" \/><\/a><\/p>\n<p>&nbsp;<\/p>\n<p><a href=\"http:\/\/victoria-rad.de\/wp-content\/uploads\/2018\/03\/20-symbol-4.png\" target=\"_blank\" rel=\"noopener noreferrer\"><img loading=\"lazy\" decoding=\"async\" class=\"aligncenter wp-image-66 size-medium\" src=\"http:\/\/victoria-rad.de\/wp-content\/uploads\/2018\/03\/20-symbol-4-221x300.png\" alt=\"\" width=\"221\" height=\"300\" srcset=\"https:\/\/victoria-rad.de\/wp-content\/uploads\/2018\/03\/20-symbol-4-221x300.png 221w, https:\/\/victoria-rad.de\/wp-content\/uploads\/2018\/03\/20-symbol-4.png 640w\" sizes=\"auto, (max-width: 221px) 100vw, 221px\" \/><\/a><\/p>\n<p>Das folgende Sicherheitsniederrad mit der Modellbezeichnung A1 wurde 2013 in D\u00e4nemark aufgefunden und war ein R\u00fcckbau eines doppelsitzigen Rades (Tandem). Es befand sich in einem erb\u00e4rmlichen Zustand, nichts war gangbar, aber fast alle Komponenten waren vorhanden.<\/p>\n<p><a href=\"http:\/\/victoria-rad.de\/wp-content\/uploads\/2018\/03\/FO-Typ-A1-Baujahr-1892-Nr.-5657-001.jpg\" target=\"_blank\" rel=\"noopener noreferrer\"><img loading=\"lazy\" decoding=\"async\" class=\"aligncenter wp-image-93 size-medium\" src=\"http:\/\/victoria-rad.de\/wp-content\/uploads\/2018\/03\/FO-Typ-A1-Baujahr-1892-Nr.-5657-001-300x201.jpg\" alt=\"\" width=\"300\" height=\"201\" srcset=\"https:\/\/victoria-rad.de\/wp-content\/uploads\/2018\/03\/FO-Typ-A1-Baujahr-1892-Nr.-5657-001-300x201.jpg 300w, https:\/\/victoria-rad.de\/wp-content\/uploads\/2018\/03\/FO-Typ-A1-Baujahr-1892-Nr.-5657-001-768x514.jpg 768w, https:\/\/victoria-rad.de\/wp-content\/uploads\/2018\/03\/FO-Typ-A1-Baujahr-1892-Nr.-5657-001-1024x685.jpg 1024w\" sizes=\"auto, (max-width: 300px) 100vw, 300px\" \/><\/a><\/p>\n<p>Nach einer umfangreichen Wiederaufbereitung, nicht Restauration, steht das Rad wieder in einem fahrbaren Zustand zur Verf\u00fcgung. Es tr\u00e4gt die Nummer: 5457 und stammt aus dem Jahr 1892.<\/p>\n<p>N\u00e4heres finden Sie im Beitrag &#8211; 1892 Sicherheitsniederr\u00e4der.<\/p>\n<p><a href=\"http:\/\/victoria-rad.de\/wp-content\/uploads\/2018\/03\/IMG_20141122_0105.jpg\" target=\"_blank\" rel=\"noopener noreferrer\"><img loading=\"lazy\" decoding=\"async\" class=\"aligncenter wp-image-544 size-medium\" src=\"http:\/\/victoria-rad.de\/wp-content\/uploads\/2018\/03\/IMG_20141122_0105-300x217.jpg\" alt=\"\" width=\"300\" height=\"217\" srcset=\"https:\/\/victoria-rad.de\/wp-content\/uploads\/2018\/03\/IMG_20141122_0105-300x217.jpg 300w, https:\/\/victoria-rad.de\/wp-content\/uploads\/2018\/03\/IMG_20141122_0105-768x557.jpg 768w, https:\/\/victoria-rad.de\/wp-content\/uploads\/2018\/03\/IMG_20141122_0105-1024x742.jpg 1024w\" sizes=\"auto, (max-width: 300px) 100vw, 300px\" \/><\/a><\/p>\n<p><img loading=\"lazy\" decoding=\"async\" class=\"alignnone size-medium wp-image-186 aligncenter\" src=\"http:\/\/victoria-rad.de\/wp-content\/uploads\/2018\/06\/58-300x14.png\" alt=\"\" width=\"300\" height=\"14\" srcset=\"https:\/\/victoria-rad.de\/wp-content\/uploads\/2018\/06\/58-300x14.png 300w, https:\/\/victoria-rad.de\/wp-content\/uploads\/2018\/06\/58.png 501w\" sizes=\"auto, (max-width: 300px) 100vw, 300px\" \/><\/p>\n","protected":false},"excerpt":{"rendered":"<p>Im nachfolgenden Teil finden Sie eine Auswahl an R\u00e4dern und Maschinen: &nbsp; Das hochelegante Rad mit Triangelgestell hatte viele Liebhaber, die eine leichtgehende und stabile Maschine wollten. Preis damals 400,- Reichsmark inklusive Gummi an beiden R\u00e4dern. Eine g\u00fcnstigere Rahmenbaumaschine war das Modell B, schon damals pries man das Modell als -erheblich billiger- an. 335,- Reichsmark. &hellip; <a href=\"https:\/\/victoria-rad.de\/?p=57\" class=\"more-link\"><span class=\"screen-reader-text\">Victoria &#8211; Fahrrad &#8211; Frankenburger&#038;Ottenstein \/ Victoria weitere Fahrmaschinen ab 1892<\/span> weiterlesen<\/a><\/p>\n","protected":false},"author":1,"featured_media":0,"comment_status":"open","ping_status":"open","sticky":false,"template":"","format":"standard","meta":{"footnotes":""},"categories":[1],"tags":[],"class_list":["post-57","post","type-post","status-publish","format-standard","hentry","category-uncategorized"],"_links":{"self":[{"href":"https:\/\/victoria-rad.de\/index.php?rest_route=\/wp\/v2\/posts\/57","targetHints":{"allow":["GET"]}}],"collection":[{"href":"https:\/\/victoria-rad.de\/index.php?rest_route=\/wp\/v2\/posts"}],"about":[{"href":"https:\/\/victoria-rad.de\/index.php?rest_route=\/wp\/v2\/types\/post"}],"author":[{"embeddable":true,"href":"https:\/\/victoria-rad.de\/index.php?rest_route=\/wp\/v2\/users\/1"}],"replies":[{"embeddable":true,"href":"https:\/\/victoria-rad.de\/index.php?rest_route=%2Fwp%2Fv2%2Fcomments&post=57"}],"version-history":[{"count":15,"href":"https:\/\/victoria-rad.de\/index.php?rest_route=\/wp\/v2\/posts\/57\/revisions"}],"predecessor-version":[{"id":7623,"href":"https:\/\/victoria-rad.de\/index.php?rest_route=\/wp\/v2\/posts\/57\/revisions\/7623"}],"wp:attachment":[{"href":"https:\/\/victoria-rad.de\/index.php?rest_route=%2Fwp%2Fv2%2Fmedia&parent=57"}],"wp:term":[{"taxonomy":"category","embeddable":true,"href":"https:\/\/victoria-rad.de\/index.php?rest_route=%2Fwp%2Fv2%2Fcategories&post=57"},{"taxonomy":"post_tag","embeddable":true,"href":"https:\/\/victoria-rad.de\/index.php?rest_route=%2Fwp%2Fv2%2Ftags&post=57"}],"curies":[{"name":"wp","href":"https:\/\/api.w.org\/{rel}","templated":true}]}}