{"id":6249,"date":"2019-11-30T08:13:03","date_gmt":"2019-11-30T08:13:03","guid":{"rendered":"http:\/\/victoria-rad.de\/?p=6249"},"modified":"2019-12-20T08:56:49","modified_gmt":"2019-12-20T08:56:49","slug":"dampflokfahrt-nach-chodov-tchechische-repuplik-im-oktober-2019","status":"publish","type":"post","link":"https:\/\/victoria-rad.de\/?p=6249","title":{"rendered":"Dampflokfahrt nach Chodov &#8211; Tschechische Republik im Oktober 2019&#8230;"},"content":{"rendered":"<p><strong>Wir sind es gewohnt auf zwei oder drei R\u00e4dern unterwegs zu sein, aber auf einer Maschine mit 10 R\u00e4dern, also einer fahrenden nostalgischen Dampflok, f\u00fchlt sich das doch anders an&#8230;<\/strong><\/p>\n<div style=\"width: 660px;\" class=\"wp-video\"><video class=\"wp-video-shortcode\" id=\"video-6249-1\" width=\"660\" height=\"371\" preload=\"metadata\" controls=\"controls\"><source type=\"video\/mp4\" src=\"http:\/\/victoria-rad.de\/wp-content\/uploads\/2019\/11\/1.mp4?_=1\" \/><a href=\"http:\/\/victoria-rad.de\/wp-content\/uploads\/2019\/11\/1.mp4\">http:\/\/victoria-rad.de\/wp-content\/uploads\/2019\/11\/1.mp4<\/a><\/video><\/div>\n<p style=\"text-align: center;\">&#8222;<strong>Bahnhof Plauen in unserem Sch\u00f6nen Vogtland&#8220;<\/strong><\/p>\n<p><strong>Die Reise ging am ins benachbarte Land nach Chodov einem Bierbrauerdorf:<\/strong><\/p>\n<p style=\"text-align: center;\"><a href=\"http:\/\/victoria-rad.de\/wp-content\/uploads\/2019\/11\/0-1.jpg\" target=\"_blank\" rel=\"noopener noreferrer\"><img loading=\"lazy\" decoding=\"async\" class=\"aligncenter wp-image-6251 size-medium\" src=\"http:\/\/victoria-rad.de\/wp-content\/uploads\/2019\/11\/0-1-165x300.jpg\" alt=\"\" width=\"165\" height=\"300\" srcset=\"https:\/\/victoria-rad.de\/wp-content\/uploads\/2019\/11\/0-1-165x300.jpg 165w, https:\/\/victoria-rad.de\/wp-content\/uploads\/2019\/11\/0-1-82x150.jpg 82w, https:\/\/victoria-rad.de\/wp-content\/uploads\/2019\/11\/0-1.jpg 439w\" sizes=\"auto, (max-width: 165px) 100vw, 165px\" \/><\/a>Ein Teil der Mitfahrenden hatten das Ziel &#8211; Marienbad und wir fuhren weiter nach Chodov. Die Marienbader haben die Kultur gew\u00e4hlt und wir den Biergenuss mit Brauereibesichtigung, so verschieden ist das eben&#8230;<\/p>\n<p>Nunn aber erst mal zu unserem gemeinsamen Bef\u00f6rderungsmittel , der Dampflok:<\/p>\n<p><a href=\"http:\/\/victoria-rad.de\/wp-content\/uploads\/2019\/11\/2-3.jpg\" target=\"_blank\" rel=\"noopener noreferrer\"><img loading=\"lazy\" decoding=\"async\" class=\"aligncenter wp-image-6252 size-medium\" src=\"http:\/\/victoria-rad.de\/wp-content\/uploads\/2019\/11\/2-3-164x300.jpg\" alt=\"\" width=\"164\" height=\"300\" srcset=\"https:\/\/victoria-rad.de\/wp-content\/uploads\/2019\/11\/2-3-164x300.jpg 164w, https:\/\/victoria-rad.de\/wp-content\/uploads\/2019\/11\/2-3-82x150.jpg 82w, https:\/\/victoria-rad.de\/wp-content\/uploads\/2019\/11\/2-3.jpg 438w\" sizes=\"auto, (max-width: 164px) 100vw, 164px\" \/><\/a><\/p>\n<p>Das Dampfross ist hier hergestellt worden:<\/p>\n<p><img loading=\"lazy\" decoding=\"async\" class=\"aligncenter wp-image-6253 size-medium\" src=\"http:\/\/victoria-rad.de\/wp-content\/uploads\/2019\/11\/4-3-300x217.jpg\" alt=\"\" width=\"300\" height=\"217\" srcset=\"https:\/\/victoria-rad.de\/wp-content\/uploads\/2019\/11\/4-3-300x217.jpg 300w, https:\/\/victoria-rad.de\/wp-content\/uploads\/2019\/11\/4-3-150x108.jpg 150w, https:\/\/victoria-rad.de\/wp-content\/uploads\/2019\/11\/4-3-768x555.jpg 768w, https:\/\/victoria-rad.de\/wp-content\/uploads\/2019\/11\/4-3.jpg 800w\" sizes=\"auto, (max-width: 300px) 100vw, 300px\" \/><\/p>\n<p style=\"text-align: center;\"><a href=\"http:\/\/victoria-rad.de\/wp-content\/uploads\/2019\/11\/41-1.jpg\" target=\"_blank\" rel=\"noopener noreferrer\"><img loading=\"lazy\" decoding=\"async\" class=\"aligncenter wp-image-6254 size-medium\" src=\"http:\/\/victoria-rad.de\/wp-content\/uploads\/2019\/11\/41-1-300x151.jpg\" alt=\"\" width=\"300\" height=\"151\" srcset=\"https:\/\/victoria-rad.de\/wp-content\/uploads\/2019\/11\/41-1-300x151.jpg 300w, https:\/\/victoria-rad.de\/wp-content\/uploads\/2019\/11\/41-1-150x75.jpg 150w, https:\/\/victoria-rad.de\/wp-content\/uploads\/2019\/11\/41-1-768x386.jpg 768w, https:\/\/victoria-rad.de\/wp-content\/uploads\/2019\/11\/41-1.jpg 800w\" sizes=\"auto, (max-width: 300px) 100vw, 300px\" \/><\/a>Nummer und Station.<\/p>\n<p style=\"text-align: center;\"><a href=\"http:\/\/victoria-rad.de\/wp-content\/uploads\/2019\/11\/3-3.jpg\" target=\"_blank\" rel=\"noopener noreferrer\"><img loading=\"lazy\" decoding=\"async\" class=\"aligncenter wp-image-6255 size-medium\" src=\"http:\/\/victoria-rad.de\/wp-content\/uploads\/2019\/11\/3-3-300x169.jpg\" alt=\"\" width=\"300\" height=\"169\" srcset=\"https:\/\/victoria-rad.de\/wp-content\/uploads\/2019\/11\/3-3-300x169.jpg 300w, https:\/\/victoria-rad.de\/wp-content\/uploads\/2019\/11\/3-3-150x84.jpg 150w, https:\/\/victoria-rad.de\/wp-content\/uploads\/2019\/11\/3-3-768x432.jpg 768w, https:\/\/victoria-rad.de\/wp-content\/uploads\/2019\/11\/3-3.jpg 800w\" sizes=\"auto, (max-width: 300px) 100vw, 300px\" \/><\/a>Das m\u00e4chtige Fahrgestell.<\/p>\n<p style=\"text-align: center;\"><a href=\"http:\/\/victoria-rad.de\/wp-content\/uploads\/2019\/11\/5-1.jpg\" target=\"_blank\" rel=\"noopener noreferrer\"><img loading=\"lazy\" decoding=\"async\" class=\"aligncenter wp-image-6256 size-medium\" src=\"http:\/\/victoria-rad.de\/wp-content\/uploads\/2019\/11\/5-1-169x300.jpg\" alt=\"\" width=\"169\" height=\"300\" srcset=\"https:\/\/victoria-rad.de\/wp-content\/uploads\/2019\/11\/5-1-169x300.jpg 169w, https:\/\/victoria-rad.de\/wp-content\/uploads\/2019\/11\/5-1-84x150.jpg 84w, https:\/\/victoria-rad.de\/wp-content\/uploads\/2019\/11\/5-1.jpg 450w\" sizes=\"auto, (max-width: 169px) 100vw, 169px\" \/><\/a>Lokf\u00fchrerstand.<\/p>\n<p style=\"text-align: center;\"><a href=\"http:\/\/victoria-rad.de\/wp-content\/uploads\/2019\/11\/6-3.jpg\" target=\"_blank\" rel=\"noopener noreferrer\"><img loading=\"lazy\" decoding=\"async\" class=\"aligncenter wp-image-6257 size-medium\" src=\"http:\/\/victoria-rad.de\/wp-content\/uploads\/2019\/11\/6-3-300x169.jpg\" alt=\"\" width=\"300\" height=\"169\" srcset=\"https:\/\/victoria-rad.de\/wp-content\/uploads\/2019\/11\/6-3-300x169.jpg 300w, https:\/\/victoria-rad.de\/wp-content\/uploads\/2019\/11\/6-3-150x84.jpg 150w, https:\/\/victoria-rad.de\/wp-content\/uploads\/2019\/11\/6-3-768x432.jpg 768w, https:\/\/victoria-rad.de\/wp-content\/uploads\/2019\/11\/6-3.jpg 800w\" sizes=\"auto, (max-width: 300px) 100vw, 300px\" \/><\/a>Schwerstarbeit &#8211; Kohlen schaufeln&#8230;<\/p>\n<p style=\"text-align: center;\"><a href=\"http:\/\/victoria-rad.de\/wp-content\/uploads\/2019\/11\/7-3.jpg\" target=\"_blank\" rel=\"noopener noreferrer\"><img loading=\"lazy\" decoding=\"async\" class=\"aligncenter wp-image-6258 size-medium\" src=\"http:\/\/victoria-rad.de\/wp-content\/uploads\/2019\/11\/7-3-300x288.jpg\" alt=\"\" width=\"300\" height=\"288\" srcset=\"https:\/\/victoria-rad.de\/wp-content\/uploads\/2019\/11\/7-3-300x288.jpg 300w, https:\/\/victoria-rad.de\/wp-content\/uploads\/2019\/11\/7-3-150x144.jpg 150w, https:\/\/victoria-rad.de\/wp-content\/uploads\/2019\/11\/7-3-768x738.jpg 768w, https:\/\/victoria-rad.de\/wp-content\/uploads\/2019\/11\/7-3.jpg 832w\" sizes=\"auto, (max-width: 300px) 100vw, 300px\" \/><\/a>Das Feuer brennt gewaltig&#8230;<\/p>\n<p>Das ist wohl der wichtigste Wagen an der Lok:<\/p>\n<p><img loading=\"lazy\" decoding=\"async\" class=\"aligncenter wp-image-6259 size-medium\" src=\"http:\/\/victoria-rad.de\/wp-content\/uploads\/2019\/11\/8-2-300x169.jpg\" alt=\"\" width=\"300\" height=\"169\" srcset=\"https:\/\/victoria-rad.de\/wp-content\/uploads\/2019\/11\/8-2-300x169.jpg 300w, https:\/\/victoria-rad.de\/wp-content\/uploads\/2019\/11\/8-2-150x84.jpg 150w, https:\/\/victoria-rad.de\/wp-content\/uploads\/2019\/11\/8-2-768x432.jpg 768w, https:\/\/victoria-rad.de\/wp-content\/uploads\/2019\/11\/8-2.jpg 800w\" sizes=\"auto, (max-width: 300px) 100vw, 300px\" \/><\/p>\n<p>Die Stimmung machte unsere Band, welche die ganze Fahrt mit an Bord war, hier am Zwischen-Stop dem Bahnhof Hof:<\/p>\n<div style=\"width: 660px;\" class=\"wp-video\"><video class=\"wp-video-shortcode\" id=\"video-6249-2\" width=\"660\" height=\"371\" preload=\"metadata\" controls=\"controls\"><source type=\"video\/mp4\" src=\"http:\/\/victoria-rad.de\/wp-content\/uploads\/2019\/11\/9.mp4?_=2\" \/><a href=\"http:\/\/victoria-rad.de\/wp-content\/uploads\/2019\/11\/9.mp4\">http:\/\/victoria-rad.de\/wp-content\/uploads\/2019\/11\/9.mp4<\/a><\/video><\/div>\n<p>Gegen Mittag die Ankunft in Chodov:<\/p>\n<p><a href=\"http:\/\/victoria-rad.de\/wp-content\/uploads\/2019\/11\/11-2.jpg\" target=\"_blank\" rel=\"noopener noreferrer\"><img loading=\"lazy\" decoding=\"async\" class=\"aligncenter wp-image-6261 size-medium\" src=\"http:\/\/victoria-rad.de\/wp-content\/uploads\/2019\/11\/11-2-300x234.jpg\" alt=\"\" width=\"300\" height=\"234\" srcset=\"https:\/\/victoria-rad.de\/wp-content\/uploads\/2019\/11\/11-2-300x234.jpg 300w, https:\/\/victoria-rad.de\/wp-content\/uploads\/2019\/11\/11-2-150x117.jpg 150w, https:\/\/victoria-rad.de\/wp-content\/uploads\/2019\/11\/11-2-768x599.jpg 768w, https:\/\/victoria-rad.de\/wp-content\/uploads\/2019\/11\/11-2.jpg 800w\" sizes=\"auto, (max-width: 300px) 100vw, 300px\" \/><\/a><\/p>\n<p>Alle Mann und Frau zu Fu\u00df zur Brauerei&#8230;<\/p>\n<p>Ankunft &#8211; Brauerei:<\/p>\n<p><a href=\"http:\/\/victoria-rad.de\/wp-content\/uploads\/2019\/11\/13-1-scaled.jpg\" target=\"_blank\" rel=\"noopener noreferrer\"><img loading=\"lazy\" decoding=\"async\" class=\"aligncenter wp-image-6262 size-medium\" src=\"http:\/\/victoria-rad.de\/wp-content\/uploads\/2019\/11\/13-1-300x169.jpg\" alt=\"\" width=\"300\" height=\"169\" srcset=\"https:\/\/victoria-rad.de\/wp-content\/uploads\/2019\/11\/13-1-300x169.jpg 300w, https:\/\/victoria-rad.de\/wp-content\/uploads\/2019\/11\/13-1-1024x576.jpg 1024w, https:\/\/victoria-rad.de\/wp-content\/uploads\/2019\/11\/13-1-150x84.jpg 150w, https:\/\/victoria-rad.de\/wp-content\/uploads\/2019\/11\/13-1-768x432.jpg 768w, https:\/\/victoria-rad.de\/wp-content\/uploads\/2019\/11\/13-1-1536x864.jpg 1536w, https:\/\/victoria-rad.de\/wp-content\/uploads\/2019\/11\/13-1-2048x1152.jpg 2048w\" sizes=\"auto, (max-width: 300px) 100vw, 300px\" \/><\/a><\/p>\n<p>Die Historie der Brauerei:<\/p>\n<p><a href=\"http:\/\/victoria-rad.de\/wp-content\/uploads\/2019\/11\/21-scaled.jpg\" target=\"_blank\" rel=\"noopener noreferrer\"><img loading=\"lazy\" decoding=\"async\" class=\"aligncenter wp-image-6263 size-medium\" src=\"http:\/\/victoria-rad.de\/wp-content\/uploads\/2019\/11\/21-175x300.jpg\" alt=\"\" width=\"175\" height=\"300\" srcset=\"https:\/\/victoria-rad.de\/wp-content\/uploads\/2019\/11\/21-175x300.jpg 175w, https:\/\/victoria-rad.de\/wp-content\/uploads\/2019\/11\/21-597x1024.jpg 597w, https:\/\/victoria-rad.de\/wp-content\/uploads\/2019\/11\/21-88x150.jpg 88w, https:\/\/victoria-rad.de\/wp-content\/uploads\/2019\/11\/21-768x1317.jpg 768w, https:\/\/victoria-rad.de\/wp-content\/uploads\/2019\/11\/21-896x1536.jpg 896w, https:\/\/victoria-rad.de\/wp-content\/uploads\/2019\/11\/21-1195x2048.jpg 1195w, https:\/\/victoria-rad.de\/wp-content\/uploads\/2019\/11\/21-scaled.jpg 1493w\" sizes=\"auto, (max-width: 175px) 100vw, 175px\" \/><\/a><\/p>\n<p>Aber nun hinein ins Vergn\u00fcgen, denn der Appetit auf Essen und Trinken war bereits reichlich vorhanden.<\/p>\n<p style=\"text-align: center;\"><a href=\"http:\/\/victoria-rad.de\/wp-content\/uploads\/2019\/11\/12-1.jpg\" target=\"_blank\" rel=\"noopener noreferrer\"><img loading=\"lazy\" decoding=\"async\" class=\"aligncenter wp-image-6264 size-medium\" src=\"http:\/\/victoria-rad.de\/wp-content\/uploads\/2019\/11\/12-1-169x300.jpg\" alt=\"\" width=\"169\" height=\"300\" srcset=\"https:\/\/victoria-rad.de\/wp-content\/uploads\/2019\/11\/12-1-169x300.jpg 169w, https:\/\/victoria-rad.de\/wp-content\/uploads\/2019\/11\/12-1-84x150.jpg 84w, https:\/\/victoria-rad.de\/wp-content\/uploads\/2019\/11\/12-1.jpg 450w\" sizes=\"auto, (max-width: 169px) 100vw, 169px\" \/><\/a>Eingang zum Felsenkeller.<\/p>\n<p style=\"text-align: center;\"><a href=\"http:\/\/victoria-rad.de\/wp-content\/uploads\/2019\/11\/20-2.jpg\" target=\"_blank\" rel=\"noopener noreferrer\"><img loading=\"lazy\" decoding=\"async\" class=\"aligncenter wp-image-6265 size-medium\" src=\"http:\/\/victoria-rad.de\/wp-content\/uploads\/2019\/11\/20-2-300x190.jpg\" alt=\"\" width=\"300\" height=\"190\" srcset=\"https:\/\/victoria-rad.de\/wp-content\/uploads\/2019\/11\/20-2-300x190.jpg 300w, https:\/\/victoria-rad.de\/wp-content\/uploads\/2019\/11\/20-2-150x95.jpg 150w, https:\/\/victoria-rad.de\/wp-content\/uploads\/2019\/11\/20-2-768x486.jpg 768w, https:\/\/victoria-rad.de\/wp-content\/uploads\/2019\/11\/20-2.jpg 800w\" sizes=\"auto, (max-width: 300px) 100vw, 300px\" \/><\/a>Bereits gut vorbereitet f\u00fcr ein paar hundert G\u00e4ste mit Schnitzel, Kartoffeln, Gem\u00fcse und Kraut und reichlich Bier ob dunkel oder hell waren alle gut drauf&#8230;<\/p>\n<p>Anschlie\u00dfend gab es die Besichtigung der Brauerei:<\/p>\n<p style=\"text-align: center;\"><a href=\"http:\/\/victoria-rad.de\/wp-content\/uploads\/2019\/11\/23.jpg\" target=\"_blank\" rel=\"noopener noreferrer\"><img loading=\"lazy\" decoding=\"async\" class=\"aligncenter wp-image-6266 size-medium\" src=\"http:\/\/victoria-rad.de\/wp-content\/uploads\/2019\/11\/23-300x169.jpg\" alt=\"\" width=\"300\" height=\"169\" srcset=\"https:\/\/victoria-rad.de\/wp-content\/uploads\/2019\/11\/23-300x169.jpg 300w, https:\/\/victoria-rad.de\/wp-content\/uploads\/2019\/11\/23-150x84.jpg 150w, https:\/\/victoria-rad.de\/wp-content\/uploads\/2019\/11\/23-768x432.jpg 768w, https:\/\/victoria-rad.de\/wp-content\/uploads\/2019\/11\/23.jpg 800w\" sizes=\"auto, (max-width: 300px) 100vw, 300px\" \/><\/a>Die Gerste wird im Keller vorbereitet&#8230;<\/p>\n<p style=\"text-align: center;\"><a href=\"http:\/\/victoria-rad.de\/wp-content\/uploads\/2019\/11\/24.jpg\" target=\"_blank\" rel=\"noopener noreferrer\"><img loading=\"lazy\" decoding=\"async\" class=\"aligncenter wp-image-6267 size-medium\" src=\"http:\/\/victoria-rad.de\/wp-content\/uploads\/2019\/11\/24-300x169.jpg\" alt=\"\" width=\"300\" height=\"169\" srcset=\"https:\/\/victoria-rad.de\/wp-content\/uploads\/2019\/11\/24-300x169.jpg 300w, https:\/\/victoria-rad.de\/wp-content\/uploads\/2019\/11\/24-150x84.jpg 150w, https:\/\/victoria-rad.de\/wp-content\/uploads\/2019\/11\/24-768x432.jpg 768w, https:\/\/victoria-rad.de\/wp-content\/uploads\/2019\/11\/24.jpg 800w\" sizes=\"auto, (max-width: 300px) 100vw, 300px\" \/><\/a>Riesige Edelstahlbeh\u00e4lter f\u00fcr die &#8222;Maische&#8220;.<\/p>\n<p style=\"text-align: center;\"><a href=\"http:\/\/victoria-rad.de\/wp-content\/uploads\/2019\/11\/25.jpg\" target=\"_blank\" rel=\"noopener noreferrer\"><img loading=\"lazy\" decoding=\"async\" class=\"aligncenter wp-image-6268 size-medium\" src=\"http:\/\/victoria-rad.de\/wp-content\/uploads\/2019\/11\/25-169x300.jpg\" alt=\"\" width=\"169\" height=\"300\" srcset=\"https:\/\/victoria-rad.de\/wp-content\/uploads\/2019\/11\/25-169x300.jpg 169w, https:\/\/victoria-rad.de\/wp-content\/uploads\/2019\/11\/25-84x150.jpg 84w, https:\/\/victoria-rad.de\/wp-content\/uploads\/2019\/11\/25.jpg 450w\" sizes=\"auto, (max-width: 169px) 100vw, 169px\" \/><\/a>So sieht ein Sudkessel aus&#8230;<\/p>\n<p>Man sehe und staune, an dem Brunnen im Hof kommt auf der einen Seite Wasser und auf der anderen Seite Bier \u00fcber eine Leitung direkt aus der Brauerei:<\/p>\n<p><a href=\"http:\/\/victoria-rad.de\/wp-content\/uploads\/2019\/11\/26.jpg\" target=\"_blank\" rel=\"noopener noreferrer\"><img loading=\"lazy\" decoding=\"async\" class=\"aligncenter wp-image-6269 size-medium\" src=\"http:\/\/victoria-rad.de\/wp-content\/uploads\/2019\/11\/26-300x169.jpg\" alt=\"\" width=\"300\" height=\"169\" srcset=\"https:\/\/victoria-rad.de\/wp-content\/uploads\/2019\/11\/26-300x169.jpg 300w, https:\/\/victoria-rad.de\/wp-content\/uploads\/2019\/11\/26-150x84.jpg 150w, https:\/\/victoria-rad.de\/wp-content\/uploads\/2019\/11\/26-768x432.jpg 768w, https:\/\/victoria-rad.de\/wp-content\/uploads\/2019\/11\/26.jpg 800w\" sizes=\"auto, (max-width: 300px) 100vw, 300px\" \/><\/a><\/p>\n<p>Noch ein St\u00e4ndchen zum Abschluss und wir treten die Heimreise an&#8230;<\/p>\n<p><a href=\"http:\/\/victoria-rad.de\/wp-content\/uploads\/2019\/11\/27.jpg\" target=\"_blank\" rel=\"noopener noreferrer\"><img loading=\"lazy\" decoding=\"async\" class=\"aligncenter wp-image-6270 size-medium\" src=\"http:\/\/victoria-rad.de\/wp-content\/uploads\/2019\/11\/27-300x169.jpg\" alt=\"\" width=\"300\" height=\"169\" srcset=\"https:\/\/victoria-rad.de\/wp-content\/uploads\/2019\/11\/27-300x169.jpg 300w, https:\/\/victoria-rad.de\/wp-content\/uploads\/2019\/11\/27-150x84.jpg 150w, https:\/\/victoria-rad.de\/wp-content\/uploads\/2019\/11\/27-768x432.jpg 768w, https:\/\/victoria-rad.de\/wp-content\/uploads\/2019\/11\/27.jpg 800w\" sizes=\"auto, (max-width: 300px) 100vw, 300px\" \/><\/a><a href=\"http:\/\/victoria-rad.de\/wp-content\/uploads\/2019\/11\/22.jpg\" target=\"_blank\" rel=\"noopener noreferrer\"><img loading=\"lazy\" decoding=\"async\" class=\"aligncenter wp-image-6271 size-medium\" src=\"http:\/\/victoria-rad.de\/wp-content\/uploads\/2019\/11\/22-182x300.jpg\" alt=\"\" width=\"182\" height=\"300\" srcset=\"https:\/\/victoria-rad.de\/wp-content\/uploads\/2019\/11\/22-182x300.jpg 182w, https:\/\/victoria-rad.de\/wp-content\/uploads\/2019\/11\/22-91x150.jpg 91w, https:\/\/victoria-rad.de\/wp-content\/uploads\/2019\/11\/22.jpg 484w\" sizes=\"auto, (max-width: 182px) 100vw, 182px\" \/><\/a><\/p>\n<p>Nachdem die Feuerwehr von Chodov noch Wasser in den Tender gef\u00fcllt hat und der Schmiermaxe seine Arbeit verrichtet hat, ging die Fahrt wieder nach Hause:<\/p>\n<p><a href=\"http:\/\/victoria-rad.de\/wp-content\/uploads\/2019\/11\/10-1.jpg\" target=\"_blank\" rel=\"noopener noreferrer\"><img loading=\"lazy\" decoding=\"async\" class=\"aligncenter wp-image-6272 size-medium\" src=\"http:\/\/victoria-rad.de\/wp-content\/uploads\/2019\/11\/10-1-300x169.jpg\" alt=\"\" width=\"300\" height=\"169\" srcset=\"https:\/\/victoria-rad.de\/wp-content\/uploads\/2019\/11\/10-1-300x169.jpg 300w, https:\/\/victoria-rad.de\/wp-content\/uploads\/2019\/11\/10-1-150x84.jpg 150w, https:\/\/victoria-rad.de\/wp-content\/uploads\/2019\/11\/10-1-768x432.jpg 768w, https:\/\/victoria-rad.de\/wp-content\/uploads\/2019\/11\/10-1.jpg 800w\" sizes=\"auto, (max-width: 300px) 100vw, 300px\" \/><\/a><a href=\"http:\/\/victoria-rad.de\/wp-content\/uploads\/2019\/11\/29.jpg\" target=\"_blank\" rel=\"noopener noreferrer\"><img loading=\"lazy\" decoding=\"async\" class=\"aligncenter wp-image-6273 size-medium\" src=\"http:\/\/victoria-rad.de\/wp-content\/uploads\/2019\/11\/29-300x169.jpg\" alt=\"\" width=\"300\" height=\"169\" srcset=\"https:\/\/victoria-rad.de\/wp-content\/uploads\/2019\/11\/29-300x169.jpg 300w, https:\/\/victoria-rad.de\/wp-content\/uploads\/2019\/11\/29-150x84.jpg 150w, https:\/\/victoria-rad.de\/wp-content\/uploads\/2019\/11\/29-768x432.jpg 768w, https:\/\/victoria-rad.de\/wp-content\/uploads\/2019\/11\/29.jpg 800w\" sizes=\"auto, (max-width: 300px) 100vw, 300px\" \/><\/a><\/p>\n<p style=\"text-align: center;\"><strong>Dieser Ausflug wird wohl allen Teilnehmern in sch\u00f6ner Erinnerung bleiben, zumal es ein sehr sch\u00f6ner Sp\u00e4therbsttag war.<\/strong><\/p>\n<p><img loading=\"lazy\" decoding=\"async\" class=\"alignnone size-medium wp-image-6210 aligncenter\" src=\"http:\/\/victoria-rad.de\/wp-content\/uploads\/2019\/11\/58-300x14.png\" alt=\"\" width=\"300\" height=\"14\" srcset=\"https:\/\/victoria-rad.de\/wp-content\/uploads\/2019\/11\/58-300x14.png 300w, https:\/\/victoria-rad.de\/wp-content\/uploads\/2019\/11\/58-150x7.png 150w, https:\/\/victoria-rad.de\/wp-content\/uploads\/2019\/11\/58.png 501w\" sizes=\"auto, (max-width: 300px) 100vw, 300px\" \/><\/p>\n<p>&nbsp;<\/p>\n<p>&nbsp;<\/p>\n<p>&nbsp;<\/p>\n<p>&nbsp;<\/p>\n","protected":false},"excerpt":{"rendered":"<p>Wir sind es gewohnt auf zwei oder drei R\u00e4dern unterwegs zu sein, aber auf einer Maschine mit 10 R\u00e4dern, also einer fahrenden nostalgischen Dampflok, f\u00fchlt sich das doch anders an&#8230; &#8222;Bahnhof Plauen in unserem Sch\u00f6nen Vogtland&#8220; Die Reise ging am ins benachbarte Land nach Chodov einem Bierbrauerdorf: Ein Teil der Mitfahrenden hatten das Ziel &#8211; &hellip; <a href=\"https:\/\/victoria-rad.de\/?p=6249\" class=\"more-link\"><span class=\"screen-reader-text\">Dampflokfahrt nach Chodov &#8211; Tschechische Republik im Oktober 2019&#8230;<\/span> weiterlesen<\/a><\/p>\n","protected":false},"author":1,"featured_media":0,"comment_status":"open","ping_status":"open","sticky":false,"template":"","format":"standard","meta":{"footnotes":""},"categories":[1],"tags":[],"class_list":["post-6249","post","type-post","status-publish","format-standard","hentry","category-uncategorized"],"_links":{"self":[{"href":"https:\/\/victoria-rad.de\/index.php?rest_route=\/wp\/v2\/posts\/6249","targetHints":{"allow":["GET"]}}],"collection":[{"href":"https:\/\/victoria-rad.de\/index.php?rest_route=\/wp\/v2\/posts"}],"about":[{"href":"https:\/\/victoria-rad.de\/index.php?rest_route=\/wp\/v2\/types\/post"}],"author":[{"embeddable":true,"href":"https:\/\/victoria-rad.de\/index.php?rest_route=\/wp\/v2\/users\/1"}],"replies":[{"embeddable":true,"href":"https:\/\/victoria-rad.de\/index.php?rest_route=%2Fwp%2Fv2%2Fcomments&post=6249"}],"version-history":[{"count":9,"href":"https:\/\/victoria-rad.de\/index.php?rest_route=\/wp\/v2\/posts\/6249\/revisions"}],"predecessor-version":[{"id":6504,"href":"https:\/\/victoria-rad.de\/index.php?rest_route=\/wp\/v2\/posts\/6249\/revisions\/6504"}],"wp:attachment":[{"href":"https:\/\/victoria-rad.de\/index.php?rest_route=%2Fwp%2Fv2%2Fmedia&parent=6249"}],"wp:term":[{"taxonomy":"category","embeddable":true,"href":"https:\/\/victoria-rad.de\/index.php?rest_route=%2Fwp%2Fv2%2Fcategories&post=6249"},{"taxonomy":"post_tag","embeddable":true,"href":"https:\/\/victoria-rad.de\/index.php?rest_route=%2Fwp%2Fv2%2Ftags&post=6249"}],"curies":[{"name":"wp","href":"https:\/\/api.w.org\/{rel}","templated":true}]}}