{"id":6322,"date":"2019-11-28T09:58:07","date_gmt":"2019-11-28T09:58:07","guid":{"rendered":"http:\/\/victoria-rad.de\/?p=6322"},"modified":"2019-12-09T09:31:31","modified_gmt":"2019-12-09T09:31:31","slug":"victoria-buch-das-standardwerk-ein-gemeinschsftswerk","status":"publish","type":"post","link":"https:\/\/victoria-rad.de\/?p=6322","title":{"rendered":"Motorrad &#8211; Victoria &#8211; Buch &#8211; das Standardwerk ein Gemeinschaftswerk&#8230;"},"content":{"rendered":"<p><em><strong>Wer es noch nicht kennt und Interesse an unserer Motorrad-Marke &#8222;VICTORIA&#8220; aus N\u00fcrnberg hat, sollte sich unserer umfassendes Gesamtwerk, welches in einer Gemeinschafts-Arbeit entstanden ist, unbedingt bestellen (Weihnachten steht vor der T\u00fcr!).<\/strong><\/em><\/p>\n<p><a href=\"http:\/\/victoria-rad.de\/wp-content\/uploads\/2019\/11\/IMG_20191127_000.jpg\" target=\"_blank\" rel=\"noopener noreferrer\"><img loading=\"lazy\" decoding=\"async\" class=\"aligncenter wp-image-6326 size-medium\" src=\"http:\/\/victoria-rad.de\/wp-content\/uploads\/2019\/11\/IMG_20191127_000-298x300.jpg\" alt=\"\" width=\"298\" height=\"300\" srcset=\"https:\/\/victoria-rad.de\/wp-content\/uploads\/2019\/11\/IMG_20191127_000-298x300.jpg 298w, https:\/\/victoria-rad.de\/wp-content\/uploads\/2019\/11\/IMG_20191127_000-150x150.jpg 150w, https:\/\/victoria-rad.de\/wp-content\/uploads\/2019\/11\/IMG_20191127_000-768x774.jpg 768w, https:\/\/victoria-rad.de\/wp-content\/uploads\/2019\/11\/IMG_20191127_000.jpg 800w\" sizes=\"auto, (max-width: 298px) 100vw, 298px\" \/><\/a><\/p>\n<p>Nachdem es viele Jahre nur ein Victoria-Buch vom Autor Thomas Reinwald, einmal \u00fcber den Podzun-Verlag, bzw. \u00fcber den Verlag Kleine\/Vennekate gab, entschlossen sich die Typenreferenten der Victoria-IG ein weitaus umfassenderes Werk in Szene zu setzen.<\/p>\n<p>Auf dem Victoria-Treffen in Bad D\u00fcrkheim ( Ausrichter &#8222;Matze&#8220;) im Jahr 2014 fassten wir den Entschluss ein Fotobuch mit Archivmaterial von unserem passionierten Fotosammler Klaus B\u00e4cher ins Leben zu rufen. Bald ergab sich aber dann der Wunsch und der Wille nat\u00fcrlich umfassend \u00fcber die Victoria Geschichte &#8211; die Fahrzeuge seien es Fahrr\u00e4der, Motorr\u00e4der oder Zubeh\u00f6r und nat\u00fcrlich die dazugeh\u00f6rigen Geschichten, zu schreiben. Der Rennsport wurde weg gelassen, das h\u00e4tte den Rahmen gesprengt!<\/p>\n<p>Gesagt, getan &#8211; bei einer sogenannten &#8222;Werkstattparty&#8220;, welche eigentlich f\u00fcr ein gem\u00fctliches Zusammensein der Referenten gedacht ist, wurde zwei Tage hart gearbeitet, diskutiert und Beschl\u00fcsse gefasst. Das Treffen war bei Gert Reiher in Treuen. Das Wochenende im Jahr 2014 war sozusagen die Taufe unseres Buches. Unser Manfred Sprenger, als Ersteller der Victoria-Jahreshefte, wer sonst, wurde als Koordinator die Federf\u00fchrung \u00fcbertragen. Bei ihm liefen alle F\u00e4den zusammen und das Werk entstand quasi auf seinem Rechner. Zielstellung zur Fertigstellung war ein Jahr&#8230; Gut Ding will Weile haben und man kann ein Buch mit 380 Seiten \u00fcberst\u00fcrzt auf die Beine stellen, zumal in der Zwischenzeit noch einige neue Erkenntnisse dazu kamen. Ich erinnere an den Katalog von 1910, welcher zuf\u00e4lliger Weise in meiner Nachbarstadt Plauen auftauchte&#8230;<\/p>\n<p>In 18 Monaten war das Buch der Victori-IG fertiggestellt mit 18 Kapiteln. Das Inhaltsverzeichnis:<\/p>\n<p><a href=\"http:\/\/victoria-rad.de\/wp-content\/uploads\/2019\/11\/IMG_20191127_0001.jpg\" target=\"_blank\" rel=\"noopener noreferrer\"><img loading=\"lazy\" decoding=\"async\" class=\"aligncenter wp-image-6327 size-medium\" src=\"http:\/\/victoria-rad.de\/wp-content\/uploads\/2019\/11\/IMG_20191127_0001-260x300.jpg\" alt=\"\" width=\"260\" height=\"300\" srcset=\"https:\/\/victoria-rad.de\/wp-content\/uploads\/2019\/11\/IMG_20191127_0001-260x300.jpg 260w, https:\/\/victoria-rad.de\/wp-content\/uploads\/2019\/11\/IMG_20191127_0001-130x150.jpg 130w, https:\/\/victoria-rad.de\/wp-content\/uploads\/2019\/11\/IMG_20191127_0001.jpg 694w\" sizes=\"auto, (max-width: 260px) 100vw, 260px\" \/><\/a>Einige Ausz\u00fcge aus dem Buch:<\/p>\n<p><a href=\"http:\/\/victoria-rad.de\/wp-content\/uploads\/2019\/11\/IMG_20191127_0002.jpg\" target=\"_blank\" rel=\"noopener noreferrer\"><img loading=\"lazy\" decoding=\"async\" class=\"aligncenter wp-image-6328 size-medium\" src=\"http:\/\/victoria-rad.de\/wp-content\/uploads\/2019\/11\/IMG_20191127_0002-276x300.jpg\" alt=\"\" width=\"276\" height=\"300\" srcset=\"https:\/\/victoria-rad.de\/wp-content\/uploads\/2019\/11\/IMG_20191127_0002-276x300.jpg 276w, https:\/\/victoria-rad.de\/wp-content\/uploads\/2019\/11\/IMG_20191127_0002-138x150.jpg 138w, https:\/\/victoria-rad.de\/wp-content\/uploads\/2019\/11\/IMG_20191127_0002.jpg 737w\" sizes=\"auto, (max-width: 276px) 100vw, 276px\" \/><\/a><a href=\"http:\/\/victoria-rad.de\/wp-content\/uploads\/2019\/11\/IMG_20191127_0003.jpg\" target=\"_blank\" rel=\"noopener noreferrer\"><img loading=\"lazy\" decoding=\"async\" class=\"aligncenter wp-image-6329 size-medium\" src=\"http:\/\/victoria-rad.de\/wp-content\/uploads\/2019\/11\/IMG_20191127_0003-269x300.jpg\" alt=\"\" width=\"269\" height=\"300\" srcset=\"https:\/\/victoria-rad.de\/wp-content\/uploads\/2019\/11\/IMG_20191127_0003-269x300.jpg 269w, https:\/\/victoria-rad.de\/wp-content\/uploads\/2019\/11\/IMG_20191127_0003-135x150.jpg 135w, https:\/\/victoria-rad.de\/wp-content\/uploads\/2019\/11\/IMG_20191127_0003.jpg 718w\" sizes=\"auto, (max-width: 269px) 100vw, 269px\" \/><\/a><a href=\"http:\/\/victoria-rad.de\/wp-content\/uploads\/2019\/11\/IMG_20191127_0004.jpg\" target=\"_blank\" rel=\"noopener noreferrer\"><img loading=\"lazy\" decoding=\"async\" class=\"aligncenter wp-image-6330 size-medium\" src=\"http:\/\/victoria-rad.de\/wp-content\/uploads\/2019\/11\/IMG_20191127_0004-275x300.jpg\" alt=\"\" width=\"275\" height=\"300\" srcset=\"https:\/\/victoria-rad.de\/wp-content\/uploads\/2019\/11\/IMG_20191127_0004-275x300.jpg 275w, https:\/\/victoria-rad.de\/wp-content\/uploads\/2019\/11\/IMG_20191127_0004-137x150.jpg 137w, https:\/\/victoria-rad.de\/wp-content\/uploads\/2019\/11\/IMG_20191127_0004.jpg 733w\" sizes=\"auto, (max-width: 275px) 100vw, 275px\" \/><\/a><a href=\"http:\/\/victoria-rad.de\/wp-content\/uploads\/2019\/11\/IMG_20191127_0005.jpg\" target=\"_blank\" rel=\"noopener noreferrer\"><img loading=\"lazy\" decoding=\"async\" class=\"aligncenter wp-image-6331 size-medium\" src=\"http:\/\/victoria-rad.de\/wp-content\/uploads\/2019\/11\/IMG_20191127_0005-275x300.jpg\" alt=\"\" width=\"275\" height=\"300\" srcset=\"https:\/\/victoria-rad.de\/wp-content\/uploads\/2019\/11\/IMG_20191127_0005-275x300.jpg 275w, https:\/\/victoria-rad.de\/wp-content\/uploads\/2019\/11\/IMG_20191127_0005-137x150.jpg 137w, https:\/\/victoria-rad.de\/wp-content\/uploads\/2019\/11\/IMG_20191127_0005.jpg 732w\" sizes=\"auto, (max-width: 275px) 100vw, 275px\" \/><\/a><a href=\"http:\/\/victoria-rad.de\/wp-content\/uploads\/2019\/11\/IMG_20191127_0006.jpg\" target=\"_blank\" rel=\"noopener noreferrer\"><img loading=\"lazy\" decoding=\"async\" class=\"aligncenter wp-image-6332 size-medium\" src=\"http:\/\/victoria-rad.de\/wp-content\/uploads\/2019\/11\/IMG_20191127_0006-273x300.jpg\" alt=\"\" width=\"273\" height=\"300\" srcset=\"https:\/\/victoria-rad.de\/wp-content\/uploads\/2019\/11\/IMG_20191127_0006-273x300.jpg 273w, https:\/\/victoria-rad.de\/wp-content\/uploads\/2019\/11\/IMG_20191127_0006-137x150.jpg 137w, https:\/\/victoria-rad.de\/wp-content\/uploads\/2019\/11\/IMG_20191127_0006.jpg 728w\" sizes=\"auto, (max-width: 273px) 100vw, 273px\" \/><\/a><a href=\"http:\/\/victoria-rad.de\/wp-content\/uploads\/2019\/11\/IMG_20191127_0007.jpg\" target=\"_blank\" rel=\"noopener noreferrer\"><img loading=\"lazy\" decoding=\"async\" class=\"aligncenter wp-image-6333 size-medium\" src=\"http:\/\/victoria-rad.de\/wp-content\/uploads\/2019\/11\/IMG_20191127_0007-273x300.jpg\" alt=\"\" width=\"273\" height=\"300\" srcset=\"https:\/\/victoria-rad.de\/wp-content\/uploads\/2019\/11\/IMG_20191127_0007-273x300.jpg 273w, https:\/\/victoria-rad.de\/wp-content\/uploads\/2019\/11\/IMG_20191127_0007-136x150.jpg 136w, https:\/\/victoria-rad.de\/wp-content\/uploads\/2019\/11\/IMG_20191127_0007.jpg 727w\" sizes=\"auto, (max-width: 273px) 100vw, 273px\" \/><\/a><a href=\"http:\/\/victoria-rad.de\/wp-content\/uploads\/2019\/11\/IMG_20191127_0008-2.jpg\" target=\"_blank\" rel=\"noopener noreferrer\"><img loading=\"lazy\" decoding=\"async\" class=\"aligncenter wp-image-6334 size-medium\" src=\"http:\/\/victoria-rad.de\/wp-content\/uploads\/2019\/11\/IMG_20191127_0008-2-270x300.jpg\" alt=\"\" width=\"270\" height=\"300\" srcset=\"https:\/\/victoria-rad.de\/wp-content\/uploads\/2019\/11\/IMG_20191127_0008-2-270x300.jpg 270w, https:\/\/victoria-rad.de\/wp-content\/uploads\/2019\/11\/IMG_20191127_0008-2-135x150.jpg 135w, https:\/\/victoria-rad.de\/wp-content\/uploads\/2019\/11\/IMG_20191127_0008-2.jpg 720w\" sizes=\"auto, (max-width: 270px) 100vw, 270px\" \/><\/a><a href=\"http:\/\/victoria-rad.de\/wp-content\/uploads\/2019\/11\/IMG_20191127_0009.jpg\" target=\"_blank\" rel=\"noopener noreferrer\"><img loading=\"lazy\" decoding=\"async\" class=\"aligncenter wp-image-6335 size-medium\" src=\"http:\/\/victoria-rad.de\/wp-content\/uploads\/2019\/11\/IMG_20191127_0009-275x300.jpg\" alt=\"\" width=\"275\" height=\"300\" srcset=\"https:\/\/victoria-rad.de\/wp-content\/uploads\/2019\/11\/IMG_20191127_0009-275x300.jpg 275w, https:\/\/victoria-rad.de\/wp-content\/uploads\/2019\/11\/IMG_20191127_0009-138x150.jpg 138w, https:\/\/victoria-rad.de\/wp-content\/uploads\/2019\/11\/IMG_20191127_0009.jpg 734w\" sizes=\"auto, (max-width: 275px) 100vw, 275px\" \/><\/a><\/p>\n<p>Die Verfasser der einzelnen Berichte:<\/p>\n<p><a href=\"http:\/\/victoria-rad.de\/wp-content\/uploads\/2019\/11\/IMG_20191127_0010.jpg\" target=\"_blank\" rel=\"noopener noreferrer\"><img loading=\"lazy\" decoding=\"async\" class=\"aligncenter wp-image-6336 size-medium\" src=\"http:\/\/victoria-rad.de\/wp-content\/uploads\/2019\/11\/IMG_20191127_0010-281x300.jpg\" alt=\"\" width=\"281\" height=\"300\" srcset=\"https:\/\/victoria-rad.de\/wp-content\/uploads\/2019\/11\/IMG_20191127_0010-281x300.jpg 281w, https:\/\/victoria-rad.de\/wp-content\/uploads\/2019\/11\/IMG_20191127_0010-140x150.jpg 140w, https:\/\/victoria-rad.de\/wp-content\/uploads\/2019\/11\/IMG_20191127_0010.jpg 748w\" sizes=\"auto, (max-width: 281px) 100vw, 281px\" \/><\/a><\/p>\n<p>Besonderer Dank gilt den Freunden, die aus Ihren Archiven folgendes beigesteuert haben, um nur einige zu nennen:<\/p>\n<ul>\n<li>Klaus B\u00e4cher und Willy von den Driesch f\u00fcr umfassende Fotos aus allen Epochen.<\/li>\n<li>Norbert Verwohlt f\u00fcr den Pionierzeit Artikel.<\/li>\n<li>Manfred Sprenger f\u00fcr umfassendes Material aus seinem Archiv.<\/li>\n<li>Gert Reiher f\u00fcr Uralt-Fahrradkataloge aus seinem Archiv.<\/li>\n<\/ul>\n<p><strong>Das durchgehend farbige Werk mit 380 Seiten in der Gr\u00f6\u00dfe 21 cm x 21 cm ist f\u00fcr den Preis von 59,00 EUR inkl. Versand erh\u00e4ltlich, solange der Vorrat reicht. Da das Buch nicht \u00fcber den Buchhandel zu bekommen ist, folgende Anfragen \u00fcber gr\u00f6\u00dfere St\u00fcckzahlen usw. bei unserem Mitglied und Buchhalter:<\/strong><\/p>\n<p><strong><em>Johannes Koch, Rossinistra\u00dfe 21, 90455 N\u00fcrnberg. Tel. 09122-2447 oder E-mail: hans.koch@victoria-ig.de.<\/em><\/strong><\/p>\n<p>Weitere Informationen auch auf: info@victoria-ig.de.<\/p>\n<p>Viel Freude beim lesen w\u00fcnscht Euch, Gert Reiher&#8230;<\/p>\n<p>&nbsp;<\/p>\n<p><img loading=\"lazy\" decoding=\"async\" class=\"alignnone size-medium wp-image-6288 aligncenter\" src=\"http:\/\/victoria-rad.de\/wp-content\/uploads\/2019\/11\/58-1-300x14.png\" alt=\"\" width=\"300\" height=\"14\" srcset=\"https:\/\/victoria-rad.de\/wp-content\/uploads\/2019\/11\/58-1-300x14.png 300w, https:\/\/victoria-rad.de\/wp-content\/uploads\/2019\/11\/58-1-150x7.png 150w, https:\/\/victoria-rad.de\/wp-content\/uploads\/2019\/11\/58-1.png 501w\" sizes=\"auto, (max-width: 300px) 100vw, 300px\" \/><\/p>\n<p>&nbsp;<\/p>\n<p>&nbsp;<\/p>\n<p>&nbsp;<\/p>\n","protected":false},"excerpt":{"rendered":"<p>Wer es noch nicht kennt und Interesse an unserer Motorrad-Marke &#8222;VICTORIA&#8220; aus N\u00fcrnberg hat, sollte sich unserer umfassendes Gesamtwerk, welches in einer Gemeinschafts-Arbeit entstanden ist, unbedingt bestellen (Weihnachten steht vor der T\u00fcr!). Nachdem es viele Jahre nur ein Victoria-Buch vom Autor Thomas Reinwald, einmal \u00fcber den Podzun-Verlag, bzw. \u00fcber den Verlag Kleine\/Vennekate gab, entschlossen sich &hellip; <a href=\"https:\/\/victoria-rad.de\/?p=6322\" class=\"more-link\"><span class=\"screen-reader-text\">Motorrad &#8211; Victoria &#8211; Buch &#8211; das Standardwerk ein Gemeinschaftswerk&#8230;<\/span> weiterlesen<\/a><\/p>\n","protected":false},"author":1,"featured_media":0,"comment_status":"open","ping_status":"open","sticky":false,"template":"","format":"standard","meta":{"footnotes":""},"categories":[1],"tags":[],"class_list":["post-6322","post","type-post","status-publish","format-standard","hentry","category-uncategorized"],"_links":{"self":[{"href":"https:\/\/victoria-rad.de\/index.php?rest_route=\/wp\/v2\/posts\/6322","targetHints":{"allow":["GET"]}}],"collection":[{"href":"https:\/\/victoria-rad.de\/index.php?rest_route=\/wp\/v2\/posts"}],"about":[{"href":"https:\/\/victoria-rad.de\/index.php?rest_route=\/wp\/v2\/types\/post"}],"author":[{"embeddable":true,"href":"https:\/\/victoria-rad.de\/index.php?rest_route=\/wp\/v2\/users\/1"}],"replies":[{"embeddable":true,"href":"https:\/\/victoria-rad.de\/index.php?rest_route=%2Fwp%2Fv2%2Fcomments&post=6322"}],"version-history":[{"count":8,"href":"https:\/\/victoria-rad.de\/index.php?rest_route=\/wp\/v2\/posts\/6322\/revisions"}],"predecessor-version":[{"id":6385,"href":"https:\/\/victoria-rad.de\/index.php?rest_route=\/wp\/v2\/posts\/6322\/revisions\/6385"}],"wp:attachment":[{"href":"https:\/\/victoria-rad.de\/index.php?rest_route=%2Fwp%2Fv2%2Fmedia&parent=6322"}],"wp:term":[{"taxonomy":"category","embeddable":true,"href":"https:\/\/victoria-rad.de\/index.php?rest_route=%2Fwp%2Fv2%2Fcategories&post=6322"},{"taxonomy":"post_tag","embeddable":true,"href":"https:\/\/victoria-rad.de\/index.php?rest_route=%2Fwp%2Fv2%2Ftags&post=6322"}],"curies":[{"name":"wp","href":"https:\/\/api.w.org\/{rel}","templated":true}]}}